{"id":6407,"date":"2023-02-09T22:32:12","date_gmt":"2023-02-10T02:32:12","guid":{"rendered":"https:\/\/webdealta.info\/?p=6407"},"modified":"2023-02-09T22:32:13","modified_gmt":"2023-02-10T02:32:13","slug":"altagracia-alertan-sobre-riesgos-del-vaper-en-adolescentes","status":"publish","type":"post","link":"https:\/\/webdealta.info\/?p=6407","title":{"rendered":"Altagracia: alertan sobre riesgos del vaper en adolescentes"},"content":{"rendered":"\n<p>Amanda Saldivia.-<\/p>\n\n\n\n<p>El Centro M\u00e9dico Orituco, por medio de la Dra. Milvia Garc\u00eda, presidente de la Junta Directiva, acompa\u00f1ada por la pediatra y especialista en neumonolog\u00eda Dra. Albanela Morfe, se pronunci\u00f3 en torno al uso de <em>vaper<\/em> o cigarrillo electr\u00f3nico, por el riesgo que representa este tipo de vaporizadores de moda entre los adolescentes, cuyos estragos ya comienzan a evidenciarse en Altagracia de Orituco.<\/p>\n\n\n\n<p>Durante el desarrollo del programa Tiempo de Cambios de este jueves 9 de febrero, transmitido por la emisora Activa 104.9 FM, las profesionales de la medicina contaron que fue el caso de una adolescente de 14 a\u00f1os de edad, con los pulmones comprometidos y quien debe seguir con terapias respiratorias, el detonante para que tomaran la decisi\u00f3n de alertar a la poblaci\u00f3n, sobre todo a los padres y representantes.<\/p>\n\n\n\n<p>\u201cEl Centro M\u00e9dico a lo largo de todos los a\u00f1os ha tratado de no solo ser un ente curativo, sino preventivo\u201d, expres\u00f3 la Dra. Milvia Garc\u00eda al exponer la gravedad del caso, porque considera que se puede transformar en un verdadero problema de salud p\u00fablica y tener una generaci\u00f3n dependiente de ox\u00edgeno, por el da\u00f1o a los pulmones que causa el uso de vaper o incluso fomentar la adicci\u00f3n a otras sustancias.<\/p>\n\n\n\n<p>Por su parte, la Dra. Albanela Morfe, como especialista en el \u00e1rea y madre, cree que vienen d\u00edas complicados debido al uso del vaper o la pr\u00e1ctica de vapear, como se expresan los adolescentes, porque tiene muchas caras y hay que saberlo afrontar de diferentes maneras.<\/p>\n\n\n\n<p>De all\u00ed, que comenz\u00f3 a detallar algunas de las consecuencias que trae al sistema respiratorio, entre las primeras que el dispositivo genera vapor y \u201clos pulmones est\u00e1n acondicionados para respirar aire, no vapor, ya este vapor como tal va a casuar da\u00f1os, comenzando desde la nariz\u201d.<\/p>\n\n\n\n<p>La Dra. Morfe, agreg\u00f3 que lo m\u00e1s grave todav\u00eda, es que el dispositivo se puede utilizar con diferentes sustratos, es decir tiene un \u201csistema de aceites o de vaselina, o acetado de vitamina E, el pulm\u00f3n no quiere nada con los l\u00edpidos, las grasas en el pulm\u00f3n son letales, las neumon\u00edas lipoideas son mortales, entonces todas las sustancias para mantener el vapers se basan en aceite, y ese es otro problema grave\u201d.<\/p>\n\n\n\n<p>\u00a0Adicionalmente, coment\u00f3 que lo que \u00abse vaporiza no se sabe qu\u00e9 es\u2026se dice que hay m\u00e1s de 2 mil sustancias que son nocivas, entre ellas se encuentran metales pesados, bromuros, hidrocarburos, que eso es como parte de los saborizantes, de lo que le da el olor, de lo que le da el sabor\u201d.<\/p>\n\n\n\n<p>A lo expuesto, la Dra. Morfe, dijo que se suma otra realidad y es que los dispositivos pueden tener hasta cuatro veces m\u00e1s nicotina que un cigarrillo; adem\u00e1s le pueden agregar otras sustancias como el cannabis, lo que hace que esta \u00faltima sea vista como algo normal.<\/p>\n\n\n\n<p>\u201cEs el da\u00f1o al pulm\u00f3n, pero es el da\u00f1o de la vida, no es nada m\u00e1s el pulm\u00f3n el que sufre\u201d, enfatiz\u00f3 la doctora Morfe, durante el programa radial en el cual se expuso el tema a la comunidad gracitana.<\/p>\n\n\n\n<p>Sobre los cambios que pudieran alertar a los padres sobre el uso de vaper, precis\u00f3 que son tos sin raz\u00f3n aparente, disnea, dolor tor\u00e1xico, n\u00e1useas, v\u00f3mitos, diarrea, estre\u00f1imiento, s\u00edntomas de ansiedad, cefalea, irritabilidad y trastorno del sue\u00f1o.<\/p>\n\n\n\n<p>\u201cEsta es una moda que tiene que llamarnos la atenci\u00f3n, que como padres tenemos que tomar correctivos, tenemos que tomar medidas, esto es algo nuevo y todav\u00eda no sabemos a qu\u00e9 magnitud va a llegar este problema\u201d, expres\u00f3 visiblemente preocupada la Dra. Morfe.<\/p>\n\n\n\n<p>Por \u00faltimo, ambas profesionales hicieron un llamado a las autoridades, especialmente a las escuelas para que este tema se ataque lo m\u00e1s pronto posible, pero consideraron que siempre ser\u00e1 clave la responsabilidad de los padres y representantes.<\/p>\n\n\n\n<p>@amandasaldivia   <\/p>\n\n\n\n<p><\/p>\n","protected":false},"excerpt":{"rendered":"<p>Amanda Saldivia.- El Centro M\u00e9dico Orituco, por medio de la Dra. Milvia Garc\u00eda, presidente de la Junta Directiva, acompa\u00f1ada por la pediatra y especialista en neumonolog\u00eda Dra. Albanela Morfe, se pronunci\u00f3 en torno al uso de vaper o cigarrillo electr\u00f3nico, por el riesgo que representa este tipo de vaporizadores de<\/p>\n","protected":false},"author":2,"featured_media":6408,"comment_status":"open","ping_status":"open","sticky":false,"template":"","format":"standard","meta":{"advanced_seo_description":"","jetpack_seo_html_title":"","jetpack_seo_noindex":false,"_jetpack_memberships_contains_paid_content":false,"footnotes":"","jetpack_publicize_message":"","jetpack_publicize_feature_enabled":true,"jetpack_social_post_already_shared":true,"jetpack_social_options":{"image_generator_settings":{"template":"highway","enabled":false},"version":2}},"categories":[12],"tags":[8,7,32],"class_list":["post-6407","post","type-post","status-publish","format-standard","has-post-thumbnail","hentry","category-salud","tag-altagraciadeorituco","tag-guarico","tag-webdealta",""],"jetpack_publicize_connections":[],"jetpack_featured_media_url":"https:\/\/webdealta.info\/wp-content\/uploads\/2023\/02\/Vaper-webdealta-medicos-alerta.png","jetpack_sharing_enabled":true,"jetpack_likes_enabled":true,"jetpack-related-posts":[],"jetpack_shortlink":"https:\/\/wp.me\/pcseDn-1Fl","_links":{"self":[{"href":"https:\/\/webdealta.info\/index.php?rest_route=\/wp\/v2\/posts\/6407","targetHints":{"allow":["GET"]}}],"collection":[{"href":"https:\/\/webdealta.info\/index.php?rest_route=\/wp\/v2\/posts"}],"about":[{"href":"https:\/\/webdealta.info\/index.php?rest_route=\/wp\/v2\/types\/post"}],"author":[{"embeddable":true,"href":"https:\/\/webdealta.info\/index.php?rest_route=\/wp\/v2\/users\/2"}],"replies":[{"embeddable":true,"href":"https:\/\/webdealta.info\/index.php?rest_route=%2Fwp%2Fv2%2Fcomments&post=6407"}],"version-history":[{"count":1,"href":"https:\/\/webdealta.info\/index.php?rest_route=\/wp\/v2\/posts\/6407\/revisions"}],"predecessor-version":[{"id":6409,"href":"https:\/\/webdealta.info\/index.php?rest_route=\/wp\/v2\/posts\/6407\/revisions\/6409"}],"wp:featuredmedia":[{"embeddable":true,"href":"https:\/\/webdealta.info\/index.php?rest_route=\/wp\/v2\/media\/6408"}],"wp:attachment":[{"href":"https:\/\/webdealta.info\/index.php?rest_route=%2Fwp%2Fv2%2Fmedia&parent=6407"}],"wp:term":[{"taxonomy":"category","embeddable":true,"href":"https:\/\/webdealta.info\/index.php?rest_route=%2Fwp%2Fv2%2Fcategories&post=6407"},{"taxonomy":"post_tag","embeddable":true,"href":"https:\/\/webdealta.info\/index.php?rest_route=%2Fwp%2Fv2%2Ftags&post=6407"}],"curies":[{"name":"wp","href":"https:\/\/api.w.org\/{rel}","templated":true}]}}