{"id":6403,"date":"2023-02-08T21:00:44","date_gmt":"2023-02-09T01:00:44","guid":{"rendered":"https:\/\/webdealta.info\/?p=6403"},"modified":"2023-02-08T21:00:45","modified_gmt":"2023-02-09T01:00:45","slug":"sin-economia-informal-parte-de-la-ilustres-proceres","status":"publish","type":"post","link":"https:\/\/webdealta.info\/?p=6403","title":{"rendered":"Sin econom\u00eda informal parte de la Ilustres Pr\u00f3ceres"},"content":{"rendered":"\n<p>Amanda Saldivia.-<\/p>\n\n\n\n<p>El esperado despeje de la econom\u00eda informal de las aceras de la calle Ilustres Pr\u00f3ceres de Altagracia de Orituco, lleg\u00f3 este mi\u00e9rcoles 8 de febrero, fecha en la cual la alcald\u00eda del municipio Monagas inici\u00f3 la reubicaci\u00f3n de \u00e9stos en las inmediaciones de lo que era antiguamente el mercado municipal, ubicado en la Bol\u00edvar norte.<\/p>\n\n\n\n<p>Mientras peatones y comerciantes celebran la medida, los afectados tienen las posiciones divididas. Briseida Ruiz, acompa\u00f1ada por un grupo de buhoneros, manifest\u00f3 su descontento, al tiempo que pidi\u00f3 al alcalde Pedro Sol\u00f3rzano reconsiderar el plan de reubicaci\u00f3n, con el argumento de que hay desorganizaci\u00f3n en cuanto a la asignaci\u00f3n de puestos.<\/p>\n\n\n\n<p>\u201cEn el caso m\u00edo yo vendo es ropa y estoy mezclada con mis compa\u00f1eros que venden pescado, que venden queso y no me parece, porque si la respuesta que me est\u00e1n dando es que es una organizaci\u00f3n, considero que el lugar no es apto para vender ropa, pienso que debieron organizarse de una manera mejor\u201d, argument\u00f3 Ruiz.<\/p>\n\n\n\n<p>No obstante, hubo otras voces, entre ellas Karla Carranza, quien expres\u00f3 que el puesto asignado \u201cest\u00e1 bien\u201d, que hay buenas expectativas y que recibi\u00f3 total apoyo de los concejales que estuvieron presentes en el proceso de asignaci\u00f3n.<\/p>\n\n\n\n<p>Un testimonio similar fue expuesto por Mar\u00eda Pe\u00f1a, quien calific\u00f3 de excelente, porque van a trabajar en ese espacio con \u201cmucha uni\u00f3n\u201d y aprovech\u00f3 para felicitar al alcalde por la decisi\u00f3n tomada.<\/p>\n\n\n\n<p><strong>Ordenanza avala la medida<\/strong><\/p>\n\n\n\n<p>La concejala Marlenis Figueroa, encabez\u00f3 la delegaci\u00f3n del Concejo Municipal presente este martes, para viabilizar la medida que est\u00e1 respaldada por la ordenanza de Econom\u00eda Informal que fue aprobada a finales de 2023 y en la cual se contempla el reordenamiento de los sitios p\u00fablicos.<\/p>\n\n\n\n<p>Al respecto, record\u00f3 que la ordenanza fue difundida suficientemente, que hubo reuniones con el sector de la econom\u00eda informal, para que estuvieran al tanto de que la reubicaci\u00f3n llegar\u00eda, porque era necesario despejar las aceras de la calle Ilustres Pr\u00f3ceres y con ello garantizar el adecuado tr\u00e1nsito peatonal, adem\u00e1s de la recuperaci\u00f3n de esos espacios.<\/p>\n\n\n\n<p><strong>Otra zona para vendedores informales<\/strong><\/p>\n\n\n\n<p>Por su parte, Luis del Corral, director general de la alcald\u00eda, reforz\u00f3 lo informado por la concejal Figueroa, adem\u00e1s de informar que el \u00e1rea donde actualmente funciona la direcci\u00f3n de Servicios P\u00fablicos, ser\u00e1 acondicionada para que all\u00ed funcione el Mercado Municipal, lo que supone una nueva reubicaci\u00f3n de la econom\u00eda informal.<\/p>\n\n\n\n<p>Aunque no precis\u00f3 fecha, dijo que los trabajos de acondicionamiento no suponen una inversi\u00f3n mayor.<\/p>\n\n\n\n<p>Respecto al resto de los vendedores que est\u00e1n en la calle Ilustres Pr\u00f3ceres, espec\u00edficamente en los alrededores de la escuela b\u00e1sica Jos\u00e9 Ram\u00f3n Camejo, dijo que tambi\u00e9n ser\u00e1n reubicados.<\/p>\n\n\n\n<p>@amandasaldivia   <\/p>\n\n\n\n<p><\/p>\n","protected":false},"excerpt":{"rendered":"<p>Amanda Saldivia.- El esperado despeje de la econom\u00eda informal de las aceras de la calle Ilustres Pr\u00f3ceres de Altagracia de Orituco, lleg\u00f3 este mi\u00e9rcoles 8 de febrero, fecha en la cual la alcald\u00eda del municipio Monagas inici\u00f3 la reubicaci\u00f3n de \u00e9stos en las inmediaciones de lo que era antiguamente el<\/p>\n","protected":false},"author":2,"featured_media":6404,"comment_status":"open","ping_status":"open","sticky":false,"template":"","format":"standard","meta":{"advanced_seo_description":"","jetpack_seo_html_title":"","jetpack_seo_noindex":false,"_jetpack_memberships_contains_paid_content":false,"footnotes":"","jetpack_publicize_message":"","jetpack_publicize_feature_enabled":true,"jetpack_social_post_already_shared":true,"jetpack_social_options":{"image_generator_settings":{"template":"highway","enabled":false},"version":2}},"categories":[251],"tags":[8,7,32],"class_list":["post-6403","post","type-post","status-publish","format-standard","has-post-thumbnail","hentry","category-webdealta","tag-altagraciadeorituco","tag-guarico","tag-webdealta",""],"jetpack_publicize_connections":[],"jetpack_featured_media_url":"https:\/\/webdealta.info\/wp-content\/uploads\/2023\/02\/ilustres-webdealta.png","jetpack_sharing_enabled":true,"jetpack_likes_enabled":true,"jetpack-related-posts":[],"jetpack_shortlink":"https:\/\/wp.me\/pcseDn-1Fh","_links":{"self":[{"href":"https:\/\/webdealta.info\/index.php?rest_route=\/wp\/v2\/posts\/6403","targetHints":{"allow":["GET"]}}],"collection":[{"href":"https:\/\/webdealta.info\/index.php?rest_route=\/wp\/v2\/posts"}],"about":[{"href":"https:\/\/webdealta.info\/index.php?rest_route=\/wp\/v2\/types\/post"}],"author":[{"embeddable":true,"href":"https:\/\/webdealta.info\/index.php?rest_route=\/wp\/v2\/users\/2"}],"replies":[{"embeddable":true,"href":"https:\/\/webdealta.info\/index.php?rest_route=%2Fwp%2Fv2%2Fcomments&post=6403"}],"version-history":[{"count":1,"href":"https:\/\/webdealta.info\/index.php?rest_route=\/wp\/v2\/posts\/6403\/revisions"}],"predecessor-version":[{"id":6405,"href":"https:\/\/webdealta.info\/index.php?rest_route=\/wp\/v2\/posts\/6403\/revisions\/6405"}],"wp:featuredmedia":[{"embeddable":true,"href":"https:\/\/webdealta.info\/index.php?rest_route=\/wp\/v2\/media\/6404"}],"wp:attachment":[{"href":"https:\/\/webdealta.info\/index.php?rest_route=%2Fwp%2Fv2%2Fmedia&parent=6403"}],"wp:term":[{"taxonomy":"category","embeddable":true,"href":"https:\/\/webdealta.info\/index.php?rest_route=%2Fwp%2Fv2%2Fcategories&post=6403"},{"taxonomy":"post_tag","embeddable":true,"href":"https:\/\/webdealta.info\/index.php?rest_route=%2Fwp%2Fv2%2Ftags&post=6403"}],"curies":[{"name":"wp","href":"https:\/\/api.w.org\/{rel}","templated":true}]}}