{"id":6396,"date":"2023-02-07T20:25:48","date_gmt":"2023-02-08T00:25:48","guid":{"rendered":"https:\/\/webdealta.info\/?p=6396"},"modified":"2023-02-07T20:25:49","modified_gmt":"2023-02-08T00:25:49","slug":"said-nassar-lanzo-nuevo-sencillo-en-la-oscuridad","status":"publish","type":"post","link":"https:\/\/webdealta.info\/?p=6396","title":{"rendered":"Said Nassar lanz\u00f3 nuevo sencillo En la oscuridad"},"content":{"rendered":"\n<p>El pasado domingo 5 de febrero, el cantante cat\u00f3lico venezolano Said Nassar present\u00f3 su nuevo sencillo titulado \u00abEn la Oscuridad\u00bb. Este joven abogado, como profesional del derecho combina sus responsabilidades con la m\u00fasica, pasi\u00f3n que desarroll\u00f3 en su pueblo natal Altagracia de Orituco, Gu\u00e1rico.<\/p>\n\n\n\n<p>Para el artista, este tema conecta de forma directa con episodios pasados de ansiedad y depresi\u00f3n vividos en la \u00e9poca de los apagones y la pandemia en Venezuela.\u00a0<\/p>\n\n\n\n<p>Nassar coment\u00f3 que \u00abEn la Oscuridad es un grito de auxilio para pasar mi proceso de ansiedad. Mi inspiraci\u00f3n fueron los apagones de 2019, cuanto literalmente tuvimos que vivir varios d\u00edas en la oscuridad. Esto me llev\u00f3 a pensar c\u00f3mo podr\u00eda estar la vida espiritual de una persona que no tiene una salud mental estable\u00bb.<\/p>\n\n\n\n<p>\u00abHe dejado de creer, que merezco tu perd\u00f3n<\/p>\n\n\n\n<p>He dejado de creer, que tu sigues junto a mi\u00bb<\/p>\n\n\n\n<p>El tema es una mezcla de sonidos ac\u00fasticos y matices de rock alternativo.<\/p>\n\n\n\n<figure class=\"wp-block-embed is-type-video is-provider-youtube wp-block-embed-youtube wp-embed-aspect-16-9 wp-has-aspect-ratio\"><div class=\"wp-block-embed__wrapper\">\n<iframe loading=\"lazy\" title=\"EN LA OSCURIDAD - SAID NASSAR - MUSICA CATOLICA PARA ORACION\" width=\"640\" height=\"360\" src=\"https:\/\/www.youtube.com\/embed\/2VLcqRkYtbw?feature=oembed\" frameborder=\"0\" allow=\"accelerometer; autoplay; clipboard-write; encrypted-media; gyroscope; picture-in-picture; web-share\" referrerpolicy=\"strict-origin-when-cross-origin\" allowfullscreen><\/iframe>\n<\/div><\/figure>\n\n\n\n<p>La canci\u00f3n fue hecha en su totalidad por el artista. La mezcla estuvo a cargo de Smoll Berenjena Producciones. \u00abEn la Oscuridad\u00bb, lleg\u00f3 junto a su video, dirigido por Jes\u00fas Montilla Arellano y grabado en la cuidad de Caracas.<\/p>\n\n\n\n<p>S\u00edguelo en las redes sociales como @nassarsaid y en su canal de YouTube Said Nassar.<\/p>\n\n\n\n<p>Prensa Said Nassar   <\/p>\n\n\n\n<p><\/p>\n","protected":false},"excerpt":{"rendered":"<p>El pasado domingo 5 de febrero, el cantante cat\u00f3lico venezolano Said Nassar present\u00f3 su nuevo sencillo titulado \u00abEn la Oscuridad\u00bb. Este joven abogado, como profesional del derecho combina sus responsabilidades con la m\u00fasica, pasi\u00f3n que desarroll\u00f3 en su pueblo natal Altagracia de Orituco, Gu\u00e1rico. Para el artista, este tema conecta<\/p>\n","protected":false},"author":2,"featured_media":6397,"comment_status":"open","ping_status":"open","sticky":false,"template":"","format":"standard","meta":{"advanced_seo_description":"","jetpack_seo_html_title":"","jetpack_seo_noindex":false,"_jetpack_memberships_contains_paid_content":false,"footnotes":"","jetpack_publicize_message":"","jetpack_publicize_feature_enabled":true,"jetpack_social_post_already_shared":true,"jetpack_social_options":{"image_generator_settings":{"template":"highway","enabled":false},"version":2}},"categories":[251],"tags":[8,7,32],"class_list":["post-6396","post","type-post","status-publish","format-standard","has-post-thumbnail","hentry","category-webdealta","tag-altagraciadeorituco","tag-guarico","tag-webdealta",""],"jetpack_publicize_connections":[],"jetpack_featured_media_url":"https:\/\/webdealta.info\/wp-content\/uploads\/2023\/02\/said-nassar-webdealta.png","jetpack_sharing_enabled":true,"jetpack_likes_enabled":true,"jetpack-related-posts":[],"jetpack_shortlink":"https:\/\/wp.me\/pcseDn-1Fa","_links":{"self":[{"href":"https:\/\/webdealta.info\/index.php?rest_route=\/wp\/v2\/posts\/6396","targetHints":{"allow":["GET"]}}],"collection":[{"href":"https:\/\/webdealta.info\/index.php?rest_route=\/wp\/v2\/posts"}],"about":[{"href":"https:\/\/webdealta.info\/index.php?rest_route=\/wp\/v2\/types\/post"}],"author":[{"embeddable":true,"href":"https:\/\/webdealta.info\/index.php?rest_route=\/wp\/v2\/users\/2"}],"replies":[{"embeddable":true,"href":"https:\/\/webdealta.info\/index.php?rest_route=%2Fwp%2Fv2%2Fcomments&post=6396"}],"version-history":[{"count":1,"href":"https:\/\/webdealta.info\/index.php?rest_route=\/wp\/v2\/posts\/6396\/revisions"}],"predecessor-version":[{"id":6398,"href":"https:\/\/webdealta.info\/index.php?rest_route=\/wp\/v2\/posts\/6396\/revisions\/6398"}],"wp:featuredmedia":[{"embeddable":true,"href":"https:\/\/webdealta.info\/index.php?rest_route=\/wp\/v2\/media\/6397"}],"wp:attachment":[{"href":"https:\/\/webdealta.info\/index.php?rest_route=%2Fwp%2Fv2%2Fmedia&parent=6396"}],"wp:term":[{"taxonomy":"category","embeddable":true,"href":"https:\/\/webdealta.info\/index.php?rest_route=%2Fwp%2Fv2%2Fcategories&post=6396"},{"taxonomy":"post_tag","embeddable":true,"href":"https:\/\/webdealta.info\/index.php?rest_route=%2Fwp%2Fv2%2Ftags&post=6396"}],"curies":[{"name":"wp","href":"https:\/\/api.w.org\/{rel}","templated":true}]}}