{"id":6387,"date":"2023-02-06T12:30:21","date_gmt":"2023-02-06T16:30:21","guid":{"rendered":"https:\/\/webdealta.info\/?p=6387"},"modified":"2023-02-06T12:40:20","modified_gmt":"2023-02-06T16:40:20","slug":"protesta-transporte-urbano-dice-no-a-la-pirateria","status":"publish","type":"post","link":"https:\/\/webdealta.info\/?p=6387","title":{"rendered":"Protesta: transporte urbano dice \u201cNo a la pirater\u00eda\u201d"},"content":{"rendered":"\n<p>Amanda Saldivia.-<\/p>\n\n\n\n<p>Las directivas de las l\u00edneas Hermanos Unidos y Bicentenario de Altagracia de Orituco iniciaron, este lunes 6 de febrero, una campa\u00f1a, a los fines de rechazar lo que consideran la \u201cinvasi\u00f3n\u201d de sus rutas tradicionales por parte de particulares, al parecer con el consentimiento de la alcald\u00eda del municipio Monagas.<\/p>\n\n\n\n<p>As\u00ed lo declar\u00f3 Jonny M\u00e9ndez, directivo de la l\u00ednea Hermanos Unidos, quien agreg\u00f3 que iniciaron la campa\u00f1a con la pinta de grafitis en las unidades, en las cuales se puede leer \u201cNo a la pirater\u00eda\u201d, \u201cNo a las invasiones de rutas\u201d.<\/p>\n\n\n\n<p>M\u00e9ndez explic\u00f3 que \u201cha proliferado una cantidad de carros piratas, haciendo vida en las rutas que nosotros por a\u00f1os hemos cubierto y tenemos asignadas, entonces ellos, los piratas, manifiestan tener el permiso de la alcald\u00eda\u201d.<\/p>\n\n\n\n<p>No obstante, al indic\u00f3 que al preguntar en la direcci\u00f3n de Transporte niegan que ellos hayan otorgado permisos, raz\u00f3n por la cual iniciaron la campa\u00f1a como medida de presi\u00f3n, para exigir una reuni\u00f3n con el alcalde Pedro Sol\u00f3rzano y que los ayude a combatir \u201cesa invasi\u00f3n de rutas\u201d.<\/p>\n\n\n\n<p>@amandasaldivia  <\/p>\n\n\n\n<p><\/p>\n","protected":false},"excerpt":{"rendered":"<p>Amanda Saldivia.- Las directivas de las l\u00edneas Hermanos Unidos y Bicentenario de Altagracia de Orituco iniciaron, este lunes 6 de febrero, una campa\u00f1a, a los fines de rechazar lo que consideran la \u201cinvasi\u00f3n\u201d de sus rutas tradicionales por parte de particulares, al parecer con el consentimiento de la alcald\u00eda del<\/p>\n","protected":false},"author":2,"featured_media":6388,"comment_status":"open","ping_status":"open","sticky":false,"template":"","format":"standard","meta":{"advanced_seo_description":"","jetpack_seo_html_title":"","jetpack_seo_noindex":false,"_jetpack_memberships_contains_paid_content":false,"footnotes":"","jetpack_publicize_message":"","jetpack_publicize_feature_enabled":true,"jetpack_social_post_already_shared":true,"jetpack_social_options":{"image_generator_settings":{"template":"highway","enabled":false},"version":2}},"categories":[73],"tags":[8,7,32],"class_list":["post-6387","post","type-post","status-publish","format-standard","has-post-thumbnail","hentry","category-transporte-colectivo","tag-altagraciadeorituco","tag-guarico","tag-webdealta",""],"jetpack_publicize_connections":[],"jetpack_featured_media_url":"https:\/\/webdealta.info\/wp-content\/uploads\/2023\/02\/transporte-colectivo-webdealta-6-de-febrero.png","jetpack_sharing_enabled":true,"jetpack_likes_enabled":true,"jetpack-related-posts":[],"jetpack_shortlink":"https:\/\/wp.me\/pcseDn-1F1","_links":{"self":[{"href":"https:\/\/webdealta.info\/index.php?rest_route=\/wp\/v2\/posts\/6387","targetHints":{"allow":["GET"]}}],"collection":[{"href":"https:\/\/webdealta.info\/index.php?rest_route=\/wp\/v2\/posts"}],"about":[{"href":"https:\/\/webdealta.info\/index.php?rest_route=\/wp\/v2\/types\/post"}],"author":[{"embeddable":true,"href":"https:\/\/webdealta.info\/index.php?rest_route=\/wp\/v2\/users\/2"}],"replies":[{"embeddable":true,"href":"https:\/\/webdealta.info\/index.php?rest_route=%2Fwp%2Fv2%2Fcomments&post=6387"}],"version-history":[{"count":2,"href":"https:\/\/webdealta.info\/index.php?rest_route=\/wp\/v2\/posts\/6387\/revisions"}],"predecessor-version":[{"id":6390,"href":"https:\/\/webdealta.info\/index.php?rest_route=\/wp\/v2\/posts\/6387\/revisions\/6390"}],"wp:featuredmedia":[{"embeddable":true,"href":"https:\/\/webdealta.info\/index.php?rest_route=\/wp\/v2\/media\/6388"}],"wp:attachment":[{"href":"https:\/\/webdealta.info\/index.php?rest_route=%2Fwp%2Fv2%2Fmedia&parent=6387"}],"wp:term":[{"taxonomy":"category","embeddable":true,"href":"https:\/\/webdealta.info\/index.php?rest_route=%2Fwp%2Fv2%2Fcategories&post=6387"},{"taxonomy":"post_tag","embeddable":true,"href":"https:\/\/webdealta.info\/index.php?rest_route=%2Fwp%2Fv2%2Ftags&post=6387"}],"curies":[{"name":"wp","href":"https:\/\/api.w.org\/{rel}","templated":true}]}}