{"id":6383,"date":"2023-02-04T17:15:02","date_gmt":"2023-02-04T21:15:02","guid":{"rendered":"https:\/\/webdealta.info\/?p=6383"},"modified":"2023-02-04T17:15:03","modified_gmt":"2023-02-04T21:15:03","slug":"diaspora-orituquena-amine-garcia-colabora-con-alcaldia-de-chia","status":"publish","type":"post","link":"https:\/\/webdealta.info\/?p=6383","title":{"rendered":"Di\u00e1spora Orituque\u00f1a: Amine Garc\u00eda colabora con alcald\u00eda de Ch\u00eda"},"content":{"rendered":"\n<p>Amanda Saldivia.-<\/p>\n\n\n\n<p>Amine Garc\u00eda, emigr\u00f3 hace cinco a\u00f1os y gracias a su talento musical, adem\u00e1s de habilidades manuales, colabora con la Casa de la Cultura de la Alcald\u00eda de Ch\u00eda, Cundinamarca, Colombia, zona donde se encuentra residenciada, junto a uno de sus hijos y nietos.<\/p>\n\n\n\n<p>Ella, como tantos venezolanos, dijo que la situaci\u00f3n econ\u00f3mica y pol\u00edtica del pa\u00eds los llev\u00f3 a emigrar. El testimonio de esta T\u00e9cnico Superior Universitaria, egresada del IUTIRLA de Caracas, fue contado en la secci\u00f3n Di\u00e1spora Orituque\u00f1a, que forma parte del programa radial Tiempo de Cambios que se transmite por la emisora Activa 104.9 FM de Altagracia de Orituco.<\/p>\n\n\n\n<p>Su vinculaci\u00f3n con esta poblaci\u00f3n guarique\u00f1a es por la v\u00eda materna, lo que signific\u00f3 que sus viajes a esta tierra guarique\u00f1a fueran frecuentes, al punto de que se residenci\u00f3 por varios a\u00f1os en Altagracia, donde se desempe\u00f1\u00f3 como jefa del departamento de Inform\u00e1tica de la alcald\u00eda del municipio Monagas, a inicios de los a\u00f1os 90.<\/p>\n\n\n\n<p>Amine, solt\u00f3 la carcajada al preguntarle si las d\u00e9cadas a cuestas, tiene 70 a\u00f1os, es impedimento para desarrollarse, a lo que respondi\u00f3 que es un tema de actitud, porque ella \u201csiempre est\u00e1 con mucha energ\u00eda y ganas de seguir ayudando y colaborando por el bien de los dem\u00e1s\u201d.<\/p>\n\n\n\n<p>No obstante, reconoci\u00f3 que cuando toca salir del pa\u00eds hay que comenzar de cero y consider\u00f3 que su modo de ser fue clave, ya que \u201cla han aceptado y ayudado mucho, no me puedo quejar del trato que me han dado, aunque no es f\u00e1cil\u201d.<\/p>\n\n\n\n<p>Escuchen la reposici\u00f3n de la entrevista este domingo 5 de febrero, a las 6:00 pm, por Activa 104.9 FM y pr\u00f3ximamente estar\u00e1 disponible en <a href=\"http:\/\/www.amandasaldivia.com\">www.amandasaldivia.com<\/a><\/p>\n\n\n\n<p>@amandasaldivia   <\/p>\n\n\n\n<p><\/p>\n","protected":false},"excerpt":{"rendered":"<p>Amanda Saldivia.- Amine Garc\u00eda, emigr\u00f3 hace cinco a\u00f1os y gracias a su talento musical, adem\u00e1s de habilidades manuales, colabora con la Casa de la Cultura de la Alcald\u00eda de Ch\u00eda, Cundinamarca, Colombia, zona donde se encuentra residenciada, junto a uno de sus hijos y nietos. Ella, como tantos venezolanos, dijo<\/p>\n","protected":false},"author":2,"featured_media":6384,"comment_status":"open","ping_status":"open","sticky":false,"template":"","format":"standard","meta":{"advanced_seo_description":"","jetpack_seo_html_title":"","jetpack_seo_noindex":false,"_jetpack_memberships_contains_paid_content":false,"footnotes":"","jetpack_publicize_message":"","jetpack_publicize_feature_enabled":true,"jetpack_social_post_already_shared":true,"jetpack_social_options":{"image_generator_settings":{"template":"highway","enabled":false},"version":2}},"categories":[332],"tags":[8,7,32],"class_list":["post-6383","post","type-post","status-publish","format-standard","has-post-thumbnail","hentry","category-diaspora-orituquena","tag-altagraciadeorituco","tag-guarico","tag-webdealta",""],"jetpack_publicize_connections":[],"jetpack_featured_media_url":"https:\/\/webdealta.info\/wp-content\/uploads\/2023\/02\/amine-garcia-webdealta-diaspora-orituquena.png","jetpack_sharing_enabled":true,"jetpack_likes_enabled":true,"jetpack-related-posts":[],"jetpack_shortlink":"https:\/\/wp.me\/pcseDn-1EX","_links":{"self":[{"href":"https:\/\/webdealta.info\/index.php?rest_route=\/wp\/v2\/posts\/6383","targetHints":{"allow":["GET"]}}],"collection":[{"href":"https:\/\/webdealta.info\/index.php?rest_route=\/wp\/v2\/posts"}],"about":[{"href":"https:\/\/webdealta.info\/index.php?rest_route=\/wp\/v2\/types\/post"}],"author":[{"embeddable":true,"href":"https:\/\/webdealta.info\/index.php?rest_route=\/wp\/v2\/users\/2"}],"replies":[{"embeddable":true,"href":"https:\/\/webdealta.info\/index.php?rest_route=%2Fwp%2Fv2%2Fcomments&post=6383"}],"version-history":[{"count":1,"href":"https:\/\/webdealta.info\/index.php?rest_route=\/wp\/v2\/posts\/6383\/revisions"}],"predecessor-version":[{"id":6385,"href":"https:\/\/webdealta.info\/index.php?rest_route=\/wp\/v2\/posts\/6383\/revisions\/6385"}],"wp:featuredmedia":[{"embeddable":true,"href":"https:\/\/webdealta.info\/index.php?rest_route=\/wp\/v2\/media\/6384"}],"wp:attachment":[{"href":"https:\/\/webdealta.info\/index.php?rest_route=%2Fwp%2Fv2%2Fmedia&parent=6383"}],"wp:term":[{"taxonomy":"category","embeddable":true,"href":"https:\/\/webdealta.info\/index.php?rest_route=%2Fwp%2Fv2%2Fcategories&post=6383"},{"taxonomy":"post_tag","embeddable":true,"href":"https:\/\/webdealta.info\/index.php?rest_route=%2Fwp%2Fv2%2Ftags&post=6383"}],"curies":[{"name":"wp","href":"https:\/\/api.w.org\/{rel}","templated":true}]}}