{"id":6379,"date":"2023-02-04T11:45:41","date_gmt":"2023-02-04T15:45:41","guid":{"rendered":"https:\/\/webdealta.info\/?p=6379"},"modified":"2023-02-04T11:45:42","modified_gmt":"2023-02-04T15:45:42","slug":"el-poder-del-conocimiento-dr-gustavo-risquez-gracitano-admirado-en-maracaibo","status":"publish","type":"post","link":"https:\/\/webdealta.info\/?p=6379","title":{"rendered":"El Poder del Conocimiento: Dr. Gustavo R\u00edsquez, gracitano admirado en Maracaibo"},"content":{"rendered":"\n<p>Amanda Saldivia.-<\/p>\n\n\n\n<p>En la ciudad de Maracaibo, estado Zulia, es recordado con especial admiraci\u00f3n un m\u00e9dico que naci\u00f3 en Altagracia de Orituco. Fue tan significativa la labor que realiz\u00f3, que, en esa ciudad del occidente venezolano hay una avenida lleva su nombre. Tambi\u00e9n una plaza y una escuela est\u00e1n distinguida con el ep\u00f3nimo de tan destacado gracitano.<\/p>\n\n\n\n<p>Se trata del Dr. Gustavo R\u00edsquez Rachadell, quien naci\u00f3 en nuestro terru\u00f1o el 29 de agosto de 1901. Despu\u00e9s se traslad\u00f3 a Caracas, donde realiz\u00f3 estudios de medicina en la Universidad Central de Venezuela y se especializ\u00f3 en otorrinolaringolog\u00eda.<\/p>\n\n\n\n<p>R\u00edsquez prosigui\u00f3 los estudios en Paris y Viena. Su tesis, en el a\u00f1o 1926, se titul\u00f3 Estudio cl\u00ednico y terap\u00e9utico de las pleuritis purulentas. Igualmente hizo otras investigaciones, entre ellas caso de laberintitis sifil\u00edtica y otitis medias cr\u00f3nicas en 1929, Hidrorrea nasal en 1930 y un caso de par\u00e1lisis lar\u00edngea en 1936.<\/p>\n\n\n\n<p>Es recordado por la labor como m\u00e9dico en la Casa de Beneficencia y en el emblem\u00e1tico hospital Chiquinquir\u00e1. La historia es contada por el portal Noticia al D\u00eda de Maracaibo, como parte del recorrido por los sitios emblem\u00e1ticos de la ciudad.<\/p>\n\n\n\n<p>Ah\u00ed se lee que la plaza Gustavo R\u00edsquez est\u00e1 ubicada en 5 de julio, que la estructura fue construida por el Rotary Club de Maracaibo y sus amigos, para \u201cconsagrar un homenaje de afecto y de justicia en el a\u00f1o 1947, a quien es considerado uno de los doctores m\u00e1s reconocidos y caritativos de la ciudad de Maracaibo\u201d.<\/p>\n\n\n\n<p>Esa plaza y la colocaci\u00f3n del busto en honor al doctor R\u00edsquez se realiz\u00f3 seis a\u00f1os despu\u00e9s de su fallecimiento, el cual se produjo tr\u00e1gicamente el 8 de julio de 1941, cuando recibi\u00f3 impactos de bala de forma accidental.<\/p>\n\n\n\n<p>Ese hecho marc\u00f3 a los habitantes de Maracaibo y por esa raz\u00f3n su nombre sigue presente, por ser recordado como una de los m\u00e9dicos m\u00e1s reconocidos y caritativos de esa ciudad. As\u00ed que cuando vayan a Maracaibo, pasen por la plaza Dr. Gustavo R\u00edsquez, para que aprecien el bell\u00edsimo homenaje a su memoria, ya que el busto del doctor est\u00e1 acompa\u00f1ado por las esculturas de dos mujeres.<\/p>\n\n\n\n<p>Una simboliza a Hig\u00eda, que en antiguo griego es salud y la otra una mam\u00e1 con su hijo, para representar la labor del doctor por el cuidado de las madres en el hospital Chiquinquir\u00e1.<\/p>\n\n\n\n<p>Qu\u00e9 orgullo que es enterarse de que un gracitano dej\u00f3 tan importante huella en la tierra del sol amada y nuestro gentilicio en alto.<\/p>\n\n\n\n<p>@amandasaldivia  <\/p>\n\n\n\n<p>Fotos: cortes\u00eda<\/p>\n\n\n\n<p><\/p>\n","protected":false},"excerpt":{"rendered":"<p>Amanda Saldivia.- En la ciudad de Maracaibo, estado Zulia, es recordado con especial admiraci\u00f3n un m\u00e9dico que naci\u00f3 en Altagracia de Orituco. Fue tan significativa la labor que realiz\u00f3, que, en esa ciudad del occidente venezolano hay una avenida lleva su nombre. Tambi\u00e9n una plaza y una escuela est\u00e1n distinguida<\/p>\n","protected":false},"author":2,"featured_media":6380,"comment_status":"open","ping_status":"open","sticky":false,"template":"","format":"standard","meta":{"advanced_seo_description":"","jetpack_seo_html_title":"","jetpack_seo_noindex":false,"_jetpack_memberships_contains_paid_content":false,"footnotes":"","jetpack_publicize_message":"","jetpack_publicize_feature_enabled":true,"jetpack_social_post_already_shared":true,"jetpack_social_options":{"image_generator_settings":{"template":"highway","enabled":false},"version":2}},"categories":[302],"tags":[8,7,32],"class_list":["post-6379","post","type-post","status-publish","format-standard","has-post-thumbnail","hentry","category-el-poder-del-conocimiento","tag-altagraciadeorituco","tag-guarico","tag-webdealta",""],"jetpack_publicize_connections":[],"jetpack_featured_media_url":"https:\/\/webdealta.info\/wp-content\/uploads\/2023\/02\/webdealta-el-poder-del-conocimiento-guastavo-risquez.png","jetpack_sharing_enabled":true,"jetpack_likes_enabled":true,"jetpack-related-posts":[],"jetpack_shortlink":"https:\/\/wp.me\/pcseDn-1ET","_links":{"self":[{"href":"https:\/\/webdealta.info\/index.php?rest_route=\/wp\/v2\/posts\/6379","targetHints":{"allow":["GET"]}}],"collection":[{"href":"https:\/\/webdealta.info\/index.php?rest_route=\/wp\/v2\/posts"}],"about":[{"href":"https:\/\/webdealta.info\/index.php?rest_route=\/wp\/v2\/types\/post"}],"author":[{"embeddable":true,"href":"https:\/\/webdealta.info\/index.php?rest_route=\/wp\/v2\/users\/2"}],"replies":[{"embeddable":true,"href":"https:\/\/webdealta.info\/index.php?rest_route=%2Fwp%2Fv2%2Fcomments&post=6379"}],"version-history":[{"count":1,"href":"https:\/\/webdealta.info\/index.php?rest_route=\/wp\/v2\/posts\/6379\/revisions"}],"predecessor-version":[{"id":6381,"href":"https:\/\/webdealta.info\/index.php?rest_route=\/wp\/v2\/posts\/6379\/revisions\/6381"}],"wp:featuredmedia":[{"embeddable":true,"href":"https:\/\/webdealta.info\/index.php?rest_route=\/wp\/v2\/media\/6380"}],"wp:attachment":[{"href":"https:\/\/webdealta.info\/index.php?rest_route=%2Fwp%2Fv2%2Fmedia&parent=6379"}],"wp:term":[{"taxonomy":"category","embeddable":true,"href":"https:\/\/webdealta.info\/index.php?rest_route=%2Fwp%2Fv2%2Fcategories&post=6379"},{"taxonomy":"post_tag","embeddable":true,"href":"https:\/\/webdealta.info\/index.php?rest_route=%2Fwp%2Fv2%2Ftags&post=6379"}],"curies":[{"name":"wp","href":"https:\/\/api.w.org\/{rel}","templated":true}]}}