{"id":6353,"date":"2023-01-29T17:06:31","date_gmt":"2023-01-29T21:06:31","guid":{"rendered":"https:\/\/webdealta.info\/?p=6353"},"modified":"2023-01-29T17:06:33","modified_gmt":"2023-01-29T21:06:33","slug":"orquesta-sinfonica-ofrecio-concierto-en-homenaje-a-los-maestros","status":"publish","type":"post","link":"https:\/\/webdealta.info\/?p=6353","title":{"rendered":"Orquesta sinf\u00f3nica ofreci\u00f3 concierto en homenaje a los maestros"},"content":{"rendered":"\n<p>Amanda Saldivia.-<\/p>\n\n\n\n<p>El primer concierto de la orquesta sinf\u00f3nica Rafael Magdaleno Infante Bandres de este 2023, fue en homenaje a los docentes y la invitaci\u00f3n estuvo acompa\u00f1ada de un mensaje que resalta que, por ser un profesional especialista en formar, sin \u00e9l \u201cno existir\u00eda el m\u00e9dico, el arquitecto o el ingeniero, si hasta el m\u00fasico para leer necesita de ti, Maestro\u201d.<\/p>\n\n\n\n<p>Momentos emotivos se vivieron el pasado viernes 27 de enero, en la sede de la orquesta, ubicada en la calle Ilustres Pr\u00f3ceres de Altagracia de Orituco, donde estudiantes de los distintos programas que contempla el sistema de orquestas de Venezuela mostraron su talento. \u00a0<\/p>\n\n\n\n<p>Entre las presentaciones, destac\u00f3 la del programa Iniciaci\u00f3n Musical integrado por 25 ni\u00f1os entre los tres y los seis a\u00f1os, quienes bajo las orientaciones de las formadoras Mileydis Vel\u00e1squez y Noelia Benavente, abrieron la gala festiva con dos temas, para posteriormente dar paso a la Coral Infantil.<\/p>\n\n\n\n<p>Este programa tiene aproximadamente 60 ni\u00f1os, cuyas edades est\u00e1n comprendidas entre ellos siete y los 12 a\u00f1os. Ellos interpretaron \u00ablos temas Soy Venezolano y La Vaca Mariposa, acompa\u00f1ados por los instrumentistas Vanessa Inojosa en la mandolina, y Vicente Valiente en el cuatro, coro que est\u00e1 dirigido por la formadora Jorlins Marrero\u201d.<\/p>\n\n\n\n<p>Seguidamente, la selecci\u00f3n del programa Coral Mixto, deleit\u00f3 a los maestros con dos temas emblem\u00e1ticos Piel Canela y Color Esperanza con la representaci\u00f3n de 24 participantes de la Coral Acad\u00e9mica Juvenil y Adulto.<\/p>\n\n\n\n<p>Por su parte, el programa Orquestal Juvenil, a cargo del formador Dwight Araujo, interpret\u00f3 los temas Pomp And Circunstances y Chamambo y Alma Llanera estren\u00f3 repertorio con Se\u00f1or Jobs, Ra\u00edces y Tierna Diversi\u00f3n, bajo la conducci\u00f3n del formador Ronner Landaeta.<\/p>\n\n\n\n<p>El concierto cerr\u00f3 con el programa de Educaci\u00f3n Especial, representado por el alumno Pablo Hidalgo, acompa\u00f1ado por Alfonso Chac\u00edn en el arpa, la alumna Norvic Pedr\u00edquez, Leonel Carranza en el bajo y Ronald Rubio en el cuatro, quien interpret\u00f3 temas de Reinaldo Armas y de Luis Silva.<\/p>\n\n\n\n<p>La informaci\u00f3n y fotograf\u00edas fueron cortes\u00eda del n\u00facleo Altagracia, el cual est\u00e1 bajo la direcci\u00f3n de Leonel Carranza, junto a las coordinadoras Karen Herrera y Orlennis Ru\u00edz; responsable de Redes y Medios el formador, Adri\u00e1n Jahen Sifontes y Secretaria, Yirly Fern\u00e1ndez.<\/p>\n\n\n\n<p>Los responsables de los distintos programas son Iniciaci\u00f3n Musical, Mileydis Vel\u00e1squez; Coral Acad\u00e9mico Infantil, Jorlins Marrero; Coral Acad\u00e9mico Juvenil y Adulto, Abisai Araujo; Orquestal Acad\u00e9mico Juvenil, Dwight Araujo y Alma Llanera, Ronner Landaeta.<\/p>\n\n\n\n<p>@amandasaldivia   <\/p>\n\n\n\n<p><\/p>\n","protected":false},"excerpt":{"rendered":"<p>Amanda Saldivia.- El primer concierto de la orquesta sinf\u00f3nica Rafael Magdaleno Infante Bandres de este 2023, fue en homenaje a los docentes y la invitaci\u00f3n estuvo acompa\u00f1ada de un mensaje que resalta que, por ser un profesional especialista en formar, sin \u00e9l \u201cno existir\u00eda el m\u00e9dico, el arquitecto o el<\/p>\n","protected":false},"author":2,"featured_media":6354,"comment_status":"open","ping_status":"open","sticky":false,"template":"","format":"standard","meta":{"advanced_seo_description":"","jetpack_seo_html_title":"","jetpack_seo_noindex":false,"_jetpack_memberships_contains_paid_content":false,"footnotes":"","jetpack_publicize_message":"","jetpack_publicize_feature_enabled":true,"jetpack_social_post_already_shared":true,"jetpack_social_options":{"image_generator_settings":{"template":"highway","enabled":false},"version":2}},"categories":[117],"tags":[8,7,32],"class_list":["post-6353","post","type-post","status-publish","format-standard","has-post-thumbnail","hentry","category-celebracion","tag-altagraciadeorituco","tag-guarico","tag-webdealta",""],"jetpack_publicize_connections":[],"jetpack_featured_media_url":"https:\/\/webdealta.info\/wp-content\/uploads\/2023\/01\/orqeusta-dia-del-maestro-webdealta.png","jetpack_sharing_enabled":true,"jetpack_likes_enabled":true,"jetpack-related-posts":[],"jetpack_shortlink":"https:\/\/wp.me\/pcseDn-1Et","_links":{"self":[{"href":"https:\/\/webdealta.info\/index.php?rest_route=\/wp\/v2\/posts\/6353","targetHints":{"allow":["GET"]}}],"collection":[{"href":"https:\/\/webdealta.info\/index.php?rest_route=\/wp\/v2\/posts"}],"about":[{"href":"https:\/\/webdealta.info\/index.php?rest_route=\/wp\/v2\/types\/post"}],"author":[{"embeddable":true,"href":"https:\/\/webdealta.info\/index.php?rest_route=\/wp\/v2\/users\/2"}],"replies":[{"embeddable":true,"href":"https:\/\/webdealta.info\/index.php?rest_route=%2Fwp%2Fv2%2Fcomments&post=6353"}],"version-history":[{"count":1,"href":"https:\/\/webdealta.info\/index.php?rest_route=\/wp\/v2\/posts\/6353\/revisions"}],"predecessor-version":[{"id":6355,"href":"https:\/\/webdealta.info\/index.php?rest_route=\/wp\/v2\/posts\/6353\/revisions\/6355"}],"wp:featuredmedia":[{"embeddable":true,"href":"https:\/\/webdealta.info\/index.php?rest_route=\/wp\/v2\/media\/6354"}],"wp:attachment":[{"href":"https:\/\/webdealta.info\/index.php?rest_route=%2Fwp%2Fv2%2Fmedia&parent=6353"}],"wp:term":[{"taxonomy":"category","embeddable":true,"href":"https:\/\/webdealta.info\/index.php?rest_route=%2Fwp%2Fv2%2Fcategories&post=6353"},{"taxonomy":"post_tag","embeddable":true,"href":"https:\/\/webdealta.info\/index.php?rest_route=%2Fwp%2Fv2%2Ftags&post=6353"}],"curies":[{"name":"wp","href":"https:\/\/api.w.org\/{rel}","templated":true}]}}