{"id":6349,"date":"2023-01-28T18:10:16","date_gmt":"2023-01-28T22:10:16","guid":{"rendered":"https:\/\/webdealta.info\/?p=6349"},"modified":"2023-01-28T18:10:17","modified_gmt":"2023-01-28T22:10:17","slug":"el-poder-del-conocimiento-proyeccion-de-primera-pelicula-sonora-en-altagracia","status":"publish","type":"post","link":"https:\/\/webdealta.info\/?p=6349","title":{"rendered":"El Poder del Conocimiento: proyecci\u00f3n de primera pel\u00edcula sonora en Altagracia"},"content":{"rendered":"\n<p>Amanda Saldivia.-<\/p>\n\n\n\n<p>El 28 de enero se celebra el D\u00eda del Cine Nacional para recordar que, para esa fecha, pero en el a\u00f1o 1897 se proyectaron en el teatro Baralt de Maracaibo las primeras pel\u00edculas realizadas en Venezuela, filmes del marabino Manuel Trujillo Dur\u00e1n. Fueron tituladas Un c\u00e9lebre especialista sacando muelas en el gran hotel Europa y Muchachos ba\u00f1\u00e1ndose en la laguna de Maracaibo.<\/p>\n\n\n\n<p>Usted seguramente recordar\u00e1 alguna producci\u00f3n venezolana, porque tal vez tuvo la oportunidad de disfrutarlas en las salas de cine de Altagracia de Orituco. Este pueblo se distingu\u00eda por las alternativas para disfrutar del llamado s\u00e9ptimo arte. <\/p>\n\n\n\n<p>En esta poblaci\u00f3n funcionaron simult\u00e1neamente cuatro salas de cine: Libertador, Ayacucho, Orituco y Atenas, la \u00faltima en cerrar las proyecciones, producto entre otros factores, al avance de la tecnolog\u00eda, ese cine en casa por medio de los equipos de reproducci\u00f3n de videos betamax y VHS.<\/p>\n\n\n\n<p>Algunos escritores apuntan que el cinemat\u00f3grafo lleg\u00f3 a Altagracia en el a\u00f1o 1915. El Dr. Pedro Natalio Ar\u00e9valo registr\u00f3 en su obra Calles, Sitios y Aleros de Altagracia de Orituco, que esa primera sala fue instalada por los hermanos Mois\u00e9s e Isaac De Lima, quienes llegaron de Barcelona e inauguraron el cine Oriente.<\/p>\n\n\n\n<p>Estaba en la calle Adolfo Chataing, era al aire libre, las personas llevaban los asientos y se proyectaban pel\u00edculas silentes, com\u00fanmente llamadas mudas.<\/p>\n\n\n\n<p>Sin embargo, fue para la d\u00e9cada de los a\u00f1os 40, que los gracitanos pudieron disfrutar de la primera pel\u00edcula con sonido. Se trat\u00f3 de la producci\u00f3n mexicana All\u00e1 en el Rancho Grande.<\/p>\n\n\n\n<p>Cuenta el autor que fue un gran acontecimiento. La proyecci\u00f3n se hizo en el teatro Ayacucho propiedad de los orituque\u00f1os F\u00e9lix Calzadilla y Luis Emilio Infante. La sala estuvo llena durante d\u00edas para disfrutar de las actuaciones de Tito Gu\u00edzar, Rene Cardona y Esther Fern\u00e1ndez, quienes protagonizaron esa pel\u00edcula que proyect\u00f3 las producciones cinematogr\u00e1ficas mexicanas en el mundo.<\/p>\n\n\n\n<p>As\u00ed que, si usted se pregunta, por qu\u00e9 la m\u00fasica mexicana tiene especial arraigo en Altagracia, es bueno que recuerde ese acontecimiento y que adem\u00e1s hubo producciones cinematogr\u00e1ficas en conjunto, que permitieron crear lazos entre Venezuela y M\u00e9xico. Despu\u00e9s lleg\u00f3 la radio y hoy en d\u00eda, en pleno siglo 21, hay programas de m\u00fasica mexicana para complacer a la audiencia y todav\u00eda algunos piden All\u00e1 en el Rancho Grande.<\/p>\n\n\n\n<p>Ese fue el tema de la semana en la serie de micros el Poder del Conocimiento, iniciativa de la empresa Promasorca para enriquecer los saberes con historias y an\u00e9cdotas interesantes de esta tierra orituque\u00f1a y del mundo. Son transmitidos en el programa Tiempo de Cambios por Activa 104.9 FM.<\/p>\n\n\n\n<p>@amandasaldivia  <\/p>\n\n\n\n<p><\/p>\n","protected":false},"excerpt":{"rendered":"<p>Amanda Saldivia.- El 28 de enero se celebra el D\u00eda del Cine Nacional para recordar que, para esa fecha, pero en el a\u00f1o 1897 se proyectaron en el teatro Baralt de Maracaibo las primeras pel\u00edculas realizadas en Venezuela, filmes del marabino Manuel Trujillo Dur\u00e1n. Fueron tituladas Un c\u00e9lebre especialista sacando<\/p>\n","protected":false},"author":2,"featured_media":6350,"comment_status":"open","ping_status":"open","sticky":false,"template":"","format":"standard","meta":{"advanced_seo_description":"","jetpack_seo_html_title":"","jetpack_seo_noindex":false,"_jetpack_memberships_contains_paid_content":false,"footnotes":"","jetpack_publicize_message":"","jetpack_publicize_feature_enabled":true,"jetpack_social_post_already_shared":true,"jetpack_social_options":{"image_generator_settings":{"template":"highway","enabled":false},"version":2}},"categories":[302],"tags":[8,7,32],"class_list":["post-6349","post","type-post","status-publish","format-standard","has-post-thumbnail","hentry","category-el-poder-del-conocimiento","tag-altagraciadeorituco","tag-guarico","tag-webdealta",""],"jetpack_publicize_connections":[],"jetpack_featured_media_url":"https:\/\/webdealta.info\/wp-content\/uploads\/2023\/01\/el-poder-del-conocimiento-webde-alta.png","jetpack_sharing_enabled":true,"jetpack_likes_enabled":true,"jetpack-related-posts":[],"jetpack_shortlink":"https:\/\/wp.me\/pcseDn-1Ep","_links":{"self":[{"href":"https:\/\/webdealta.info\/index.php?rest_route=\/wp\/v2\/posts\/6349","targetHints":{"allow":["GET"]}}],"collection":[{"href":"https:\/\/webdealta.info\/index.php?rest_route=\/wp\/v2\/posts"}],"about":[{"href":"https:\/\/webdealta.info\/index.php?rest_route=\/wp\/v2\/types\/post"}],"author":[{"embeddable":true,"href":"https:\/\/webdealta.info\/index.php?rest_route=\/wp\/v2\/users\/2"}],"replies":[{"embeddable":true,"href":"https:\/\/webdealta.info\/index.php?rest_route=%2Fwp%2Fv2%2Fcomments&post=6349"}],"version-history":[{"count":1,"href":"https:\/\/webdealta.info\/index.php?rest_route=\/wp\/v2\/posts\/6349\/revisions"}],"predecessor-version":[{"id":6351,"href":"https:\/\/webdealta.info\/index.php?rest_route=\/wp\/v2\/posts\/6349\/revisions\/6351"}],"wp:featuredmedia":[{"embeddable":true,"href":"https:\/\/webdealta.info\/index.php?rest_route=\/wp\/v2\/media\/6350"}],"wp:attachment":[{"href":"https:\/\/webdealta.info\/index.php?rest_route=%2Fwp%2Fv2%2Fmedia&parent=6349"}],"wp:term":[{"taxonomy":"category","embeddable":true,"href":"https:\/\/webdealta.info\/index.php?rest_route=%2Fwp%2Fv2%2Fcategories&post=6349"},{"taxonomy":"post_tag","embeddable":true,"href":"https:\/\/webdealta.info\/index.php?rest_route=%2Fwp%2Fv2%2Ftags&post=6349"}],"curies":[{"name":"wp","href":"https:\/\/api.w.org\/{rel}","templated":true}]}}