{"id":6345,"date":"2023-01-28T17:57:26","date_gmt":"2023-01-28T21:57:26","guid":{"rendered":"https:\/\/webdealta.info\/?p=6345"},"modified":"2023-01-28T17:57:27","modified_gmt":"2023-01-28T21:57:27","slug":"altagracia-trabajadores-de-educacion-nuevamente-a-la-calle-este-30ene","status":"publish","type":"post","link":"https:\/\/webdealta.info\/?p=6345","title":{"rendered":"Altagracia: trabajadores de educaci\u00f3n nuevamente a la calle este 30Ene"},"content":{"rendered":"\n<p>Amanda Saldivia.-<\/p>\n\n\n\n<p>Este lunes 30 de enero ser\u00e1 la cuarta semana de protesta del sector educativo en el municipio Monagas, como parte de las directrices emanadas de los distintos sindicatos adscritos a las 17 federaciones que representan a los gremios ante el Ministerio de Educaci\u00f3n.<\/p>\n\n\n\n<p>El lugar de concentraci\u00f3n anunciado es la calle Ilustres Pr\u00f3ceres, a la altura el antiguo banco Provincial, a partir de las 9:00 am, a los fines de que los trabajadores conozcan de primera mano las \u00faltimas gestiones realizadas ante el despacho de la ministra Yelitze Santaella, la cual incluy\u00f3 la consignaci\u00f3n de un documento con seis puntos b\u00e1sicos, como condici\u00f3n para no avanzar a otras acciones, entre ellas la paralizaci\u00f3n total de actividades.<\/p>\n\n\n\n<p>Al respecto Eichelr Hern\u00e1ndez, secretario ejecutivo de Sinteg Gu\u00e1rico, filial de Fetraense\u00f1anza, puntualiz\u00f3 que hasta el momento las actividades en la mayor\u00eda de los planteles del municipio Monagas y del resto del estado Gu\u00e1rico se han limitado a dos d\u00edas a la semana, ante la acelerada devaluaci\u00f3n del bol\u00edvar que diluy\u00f3 los ingresos de los trabajadores.<\/p>\n\n\n\n<p>Sobre el documento consignado ante el despacho de la ministra Santaella, el pasado viernes 27 de enero, dijo que son seis puntos: la reinstalaci\u00f3n inmediata de la mesa de negociaci\u00f3n de la III Convenci\u00f3n Colectiva \u00danica, restituci\u00f3n de los beneficios reducidos y suspendidos, deudas pendientes, firma de la convenci\u00f3n, que la negociaci\u00f3n sea con el Ministerio de Educaci\u00f3n y que el del Trabajo sea solo un mediador y por \u00faltimo que no haya \u201cretaliaci\u00f3n alguna, ni suspensiones en contra de los trabajadores\u2026en vista de las acciones sindicales que se han venido desarrollando\u201d.<\/p>\n\n\n\n<p>Aprovech\u00f3 el contacto con la Web de Altagracia para recordar que la protesta se origina, porque la contrataci\u00f3n colectiva tiene tres a\u00f1os vencida y \u201cun a\u00f1o hemos estado sentados y nos han quitado el 280% y su recurrencia, seis primas conquistadas y anuladas por la ONAPRE y a pesar de que el TSJ en una sentencia nos dio la raz\u00f3n, que la ONAPRE no debe haber quitado esas seis primas, hasta ahora no las han incorporado\u201d.<\/p>\n\n\n\n<p>As\u00ed mismo Hern\u00e1ndez se\u00f1al\u00f3, que no tienen \u201cseguro de HCM ni funerario, el Ipasme nos limit\u00f3 en sus beneficios y se volvi\u00f3 un cascar\u00f3n vac\u00edo para el cual fue creado, la Ministra de Educaci\u00f3n se reuni\u00f3 esta semana con el gremio sindical en el estado Barinas y no dio una respuesta positiva para nosotros\u201d.<\/p>\n\n\n\n<p>En referencia a la reuni\u00f3n prevista para el pr\u00f3ximo lunes 30 de enero en Margarita, estado Nueva Esparta, con los relatores de la OIT indic\u00f3 que la exigencia ser\u00e1 que el gobierno \u201cejecute lo establecido en el pacto social y en los estudios realizados por el Cesna, exigimos un salario no menos de 500 d\u00f3lares, es justicia que exigimos no debe ser letra muerta el Art 91 de la Constituci\u00f3n de la Rep\u00fablica Bolivariana de Venezuela\u201d.<\/p>\n\n\n\n<p>Adem\u00e1s, Hern\u00e1ndez anunci\u00f3 que presentar\u00e1n ante la comisi\u00f3n de la OIT, junto al Ministro del Trabajo, las pruebas que \u201crelatan por si sola que existe violaci\u00f3n a los derechos sindicales, derechos laborales consagrado en la Constituci\u00f3n, Ley del Trabajo, el contrato colectivo y normas internacionales, como son los convenios suscritos por Venezuela\u201d.<\/p>\n\n\n\n<p>Por \u00faltimo, llam\u00f3 a la concentraci\u00f3n del pr\u00f3ximo lunes 30 de enero, para que docentes, administrativos, obreros y representantes se expresen en Altagracia y \u201cse escuche en Margarita todos con pitos y consignas\u201d.<\/p>\n\n\n\n<p>@amandasaldivia   <\/p>\n\n\n\n<p><\/p>\n","protected":false},"excerpt":{"rendered":"<p>Amanda Saldivia.- Este lunes 30 de enero ser\u00e1 la cuarta semana de protesta del sector educativo en el municipio Monagas, como parte de las directrices emanadas de los distintos sindicatos adscritos a las 17 federaciones que representan a los gremios ante el Ministerio de Educaci\u00f3n. El lugar de concentraci\u00f3n anunciado<\/p>\n","protected":false},"author":2,"featured_media":6346,"comment_status":"open","ping_status":"open","sticky":false,"template":"","format":"standard","meta":{"advanced_seo_description":"","jetpack_seo_html_title":"","jetpack_seo_noindex":false,"_jetpack_memberships_contains_paid_content":false,"footnotes":"","jetpack_publicize_message":"","jetpack_publicize_feature_enabled":true,"jetpack_social_post_already_shared":true,"jetpack_social_options":{"image_generator_settings":{"template":"highway","enabled":false},"version":2}},"categories":[138],"tags":[8,7,32],"class_list":["post-6345","post","type-post","status-publish","format-standard","has-post-thumbnail","hentry","category-reclamo-laboral","tag-altagraciadeorituco","tag-guarico","tag-webdealta",""],"jetpack_publicize_connections":[],"jetpack_featured_media_url":"https:\/\/webdealta.info\/wp-content\/uploads\/2023\/01\/protesta-trabajadores-webdealta-altagracia.png","jetpack_sharing_enabled":true,"jetpack_likes_enabled":true,"jetpack-related-posts":[],"jetpack_shortlink":"https:\/\/wp.me\/pcseDn-1El","_links":{"self":[{"href":"https:\/\/webdealta.info\/index.php?rest_route=\/wp\/v2\/posts\/6345","targetHints":{"allow":["GET"]}}],"collection":[{"href":"https:\/\/webdealta.info\/index.php?rest_route=\/wp\/v2\/posts"}],"about":[{"href":"https:\/\/webdealta.info\/index.php?rest_route=\/wp\/v2\/types\/post"}],"author":[{"embeddable":true,"href":"https:\/\/webdealta.info\/index.php?rest_route=\/wp\/v2\/users\/2"}],"replies":[{"embeddable":true,"href":"https:\/\/webdealta.info\/index.php?rest_route=%2Fwp%2Fv2%2Fcomments&post=6345"}],"version-history":[{"count":1,"href":"https:\/\/webdealta.info\/index.php?rest_route=\/wp\/v2\/posts\/6345\/revisions"}],"predecessor-version":[{"id":6347,"href":"https:\/\/webdealta.info\/index.php?rest_route=\/wp\/v2\/posts\/6345\/revisions\/6347"}],"wp:featuredmedia":[{"embeddable":true,"href":"https:\/\/webdealta.info\/index.php?rest_route=\/wp\/v2\/media\/6346"}],"wp:attachment":[{"href":"https:\/\/webdealta.info\/index.php?rest_route=%2Fwp%2Fv2%2Fmedia&parent=6345"}],"wp:term":[{"taxonomy":"category","embeddable":true,"href":"https:\/\/webdealta.info\/index.php?rest_route=%2Fwp%2Fv2%2Fcategories&post=6345"},{"taxonomy":"post_tag","embeddable":true,"href":"https:\/\/webdealta.info\/index.php?rest_route=%2Fwp%2Fv2%2Ftags&post=6345"}],"curies":[{"name":"wp","href":"https:\/\/api.w.org\/{rel}","templated":true}]}}