{"id":6341,"date":"2023-01-26T22:28:09","date_gmt":"2023-01-27T02:28:09","guid":{"rendered":"https:\/\/webdealta.info\/?p=6341"},"modified":"2023-01-26T22:28:10","modified_gmt":"2023-01-27T02:28:10","slug":"mas-de-600-personas-beneficiadas-en-jornada-dermatologica-gratuita","status":"publish","type":"post","link":"https:\/\/webdealta.info\/?p=6341","title":{"rendered":"M\u00e1s de 600 personas beneficiadas en jornada dermatol\u00f3gica gratuita"},"content":{"rendered":"\n<p>En el hospital Jos\u00e9 Francisco Torrealba de Altagracia de Orituco se llev\u00f3 a cabo, este jueves 26 de enero, una jornada dermatol\u00f3gica, impulsada por el gobernador Jos\u00e9 V\u00e1squez, el alcalde Pedro Sol\u00f3rzano y la primera combatiente Dra. Elsy Rodr\u00edguez, con el apoyo de la Direcci\u00f3n Regional de Salud y Desarrollo Social de la alcald\u00eda.<\/p>\n\n\n\n<p>Se trasladaron a esta poblaci\u00f3n guarique\u00f1a, 15 profesionales de la piel provenientes del hospital Israel Ranuarez Balza de San Juan de los Morros, quienes atendieron a m\u00e1s de 600 personas, entre adultos, ni\u00f1os, ni\u00f1as y adolescentes. Las patolog\u00edas de piel evaluadas fueron acn\u00e9, psoriasis, verrugas, leishmaniasis, dermatitis, herpes zoster y micosis, entre otras.<\/p>\n\n\n\n<p>En este sentido, la primera combatiente Dra. Elsy Rodr\u00edguez de Sol\u00f3rzano, expres\u00f3 que contaron con la atenci\u00f3n general dermatol\u00f3gica y tambi\u00e9n la especializada a cargo del Dr. Alexis Castrillo, dermat\u00f3logo sanitario del estado Gu\u00e1rico.<\/p>\n\n\n\n<p>\u201cSe brind\u00f3 a nuestro pueblo la oportunidad de mejorar su calidad de vida de manera totalmente gratuita\u00bb, expres\u00f3 la Dra. Rodr\u00edguez, al presentar el balance, en el cual destac\u00f3 la atenci\u00f3n a los casos de leishmaniasis, adem\u00e1s del registro de 250 persona para las cirug\u00edas pertinentes, de acuerdo a su patolog\u00eda.<\/p>\n\n\n\n<p>Por su parte, el Dr. Alexis Castrillo, Coordinador Regional de Dermatolog\u00eda Sanitaria, agradeci\u00f3 al alcalde Pedro Sol\u00f3rzano y a la Dra. Elsy Rodr\u00edguez la iniciativa, ya que hace m\u00e1s de dos a\u00f1os no era posible la consulta especializada de leishmaniasis y consider\u00f3 que estos operativos deben hacerse continuamente.<\/p>\n\n\n\n<p>\u00abLogramos atender casos quir\u00fargicos que seleccionamos para realizar la cirug\u00eda y hacer la resoluci\u00f3n completa del paciente\u00bb, se\u00f1al\u00f3 el Dr. Alexis Castrillo.<\/p>\n\n\n\n<p>Marianny Silva, beneficiada con la jornada, coment\u00f3 que llev\u00f3 a su ni\u00f1a de 5 a\u00f1os y le pareci\u00f3 maravillosa esta jornada, en virtud de \u201cque tenemos respuesta a nuestros padecimientos de la piel, muchas gracias al alcalde, a la primera combatiente y a todos los m\u00e9dicos que se trasladaron hasta aqu\u00ed\u00bb.<\/p>\n\n\n\n<p>Es importante se\u00f1alar que las personas con patolog\u00edas que ameritaban operaci\u00f3n ambulatoria, fueron citados a una nueva consulta para realizar el seguimiento y tratamiento correspondiente.<\/p>\n\n\n\n<p>Prensa alcald\u00eda municipio Jos\u00e9 Tadeo Monagas<\/p>\n\n\n\n<p>Fotos cortes\u00eda   <\/p>\n\n\n\n<p><\/p>\n","protected":false},"excerpt":{"rendered":"<p>En el hospital Jos\u00e9 Francisco Torrealba de Altagracia de Orituco se llev\u00f3 a cabo, este jueves 26 de enero, una jornada dermatol\u00f3gica, impulsada por el gobernador Jos\u00e9 V\u00e1squez, el alcalde Pedro Sol\u00f3rzano y la primera combatiente Dra. Elsy Rodr\u00edguez, con el apoyo de la Direcci\u00f3n Regional de Salud y Desarrollo<\/p>\n","protected":false},"author":2,"featured_media":6342,"comment_status":"open","ping_status":"open","sticky":false,"template":"","format":"standard","meta":{"advanced_seo_description":"","jetpack_seo_html_title":"","jetpack_seo_noindex":false,"_jetpack_memberships_contains_paid_content":false,"footnotes":"","jetpack_publicize_message":"","jetpack_publicize_feature_enabled":true,"jetpack_social_post_already_shared":true,"jetpack_social_options":{"image_generator_settings":{"template":"highway","enabled":false},"version":2}},"categories":[12],"tags":[8,7,32],"class_list":["post-6341","post","type-post","status-publish","format-standard","has-post-thumbnail","hentry","category-salud","tag-altagraciadeorituco","tag-guarico","tag-webdealta",""],"jetpack_publicize_connections":[],"jetpack_featured_media_url":"https:\/\/webdealta.info\/wp-content\/uploads\/2023\/01\/jornada-dermatologica-webdealta.png","jetpack_sharing_enabled":true,"jetpack_likes_enabled":true,"jetpack-related-posts":[],"jetpack_shortlink":"https:\/\/wp.me\/pcseDn-1Eh","_links":{"self":[{"href":"https:\/\/webdealta.info\/index.php?rest_route=\/wp\/v2\/posts\/6341","targetHints":{"allow":["GET"]}}],"collection":[{"href":"https:\/\/webdealta.info\/index.php?rest_route=\/wp\/v2\/posts"}],"about":[{"href":"https:\/\/webdealta.info\/index.php?rest_route=\/wp\/v2\/types\/post"}],"author":[{"embeddable":true,"href":"https:\/\/webdealta.info\/index.php?rest_route=\/wp\/v2\/users\/2"}],"replies":[{"embeddable":true,"href":"https:\/\/webdealta.info\/index.php?rest_route=%2Fwp%2Fv2%2Fcomments&post=6341"}],"version-history":[{"count":1,"href":"https:\/\/webdealta.info\/index.php?rest_route=\/wp\/v2\/posts\/6341\/revisions"}],"predecessor-version":[{"id":6343,"href":"https:\/\/webdealta.info\/index.php?rest_route=\/wp\/v2\/posts\/6341\/revisions\/6343"}],"wp:featuredmedia":[{"embeddable":true,"href":"https:\/\/webdealta.info\/index.php?rest_route=\/wp\/v2\/media\/6342"}],"wp:attachment":[{"href":"https:\/\/webdealta.info\/index.php?rest_route=%2Fwp%2Fv2%2Fmedia&parent=6341"}],"wp:term":[{"taxonomy":"category","embeddable":true,"href":"https:\/\/webdealta.info\/index.php?rest_route=%2Fwp%2Fv2%2Fcategories&post=6341"},{"taxonomy":"post_tag","embeddable":true,"href":"https:\/\/webdealta.info\/index.php?rest_route=%2Fwp%2Fv2%2Ftags&post=6341"}],"curies":[{"name":"wp","href":"https:\/\/api.w.org\/{rel}","templated":true}]}}