{"id":6337,"date":"2023-01-26T22:04:27","date_gmt":"2023-01-27T02:04:27","guid":{"rendered":"https:\/\/webdealta.info\/?p=6337"},"modified":"2023-01-26T22:04:28","modified_gmt":"2023-01-27T02:04:28","slug":"gracitano-convocado-a-la-preseleccion-nacional-de-voleibol","status":"publish","type":"post","link":"https:\/\/webdealta.info\/?p=6337","title":{"rendered":"Gracitano convocado a la Preselecci\u00f3n Nacional de Voleibol"},"content":{"rendered":"\n<p>Amanda Saldivia.-<\/p>\n\n\n\n<p>La directiva municipal de la Liga de Voleibol Jos\u00e9 Tadeo Monagas anunci\u00f3 que el atleta Carlos Beroes, de 17 a\u00f1os de edad, fue convocado a formar parte de la preselecci\u00f3n nacional de esta disciplina, motivo por el cual est\u00e1n de j\u00fabilo.<\/p>\n\n\n\n<p>El anuncio lo hizo Sebasti\u00e1n Zapata, presidente de la mencionada liga con sede en Altagracia de Orituco, quien explic\u00f3 que ayer recibieron la noticia de parte de la Asociaci\u00f3n de Voleibol de Gu\u00e1rico y se estima que para este fin de semana Carlos Beroes ya est\u00e9 concentrado en el IND de Caracas.<\/p>\n\n\n\n<p>\u00abVienen en marzo los Suramericanos Juveniles, dese\u00e1ndole a Beroes que con disciplina y mucha humildad trate de ganarse ese cupo, porque van 14 atletas y est\u00e1n convocados 22, esperemos que el joven gracitano quede en esa lista de 14\u201d, se\u00f1al\u00f3 Zapara al equipo de la Web de Altagracia.<\/p>\n\n\n\n<p>Sobre la carrera de este atleta, precis\u00f3 que es relativamente reciente, ya que tiene un poco m\u00e1s de un a\u00f1o entrenado, pero cuenta condiciones f\u00edsica determinantes, entre ellas la estatura de 2:03 metros.<\/p>\n\n\n\n<p>En cuanto al entrenamiento en Altagracia, dijo que Carlos Beroes comenz\u00f3 en la Escuela de Voleibol club Mi Refugio, bajo la responsabilidad del profesor Robert Vel\u00e1squez y en San Juan de los Morros guiado por el profesor Junior Vivas.<\/p>\n\n\n\n<p>@amandasaldivia   <\/p>\n\n\n\n<p><\/p>\n","protected":false},"excerpt":{"rendered":"<p>Amanda Saldivia.- La directiva municipal de la Liga de Voleibol Jos\u00e9 Tadeo Monagas anunci\u00f3 que el atleta Carlos Beroes, de 17 a\u00f1os de edad, fue convocado a formar parte de la preselecci\u00f3n nacional de esta disciplina, motivo por el cual est\u00e1n de j\u00fabilo. El anuncio lo hizo Sebasti\u00e1n Zapata, presidente<\/p>\n","protected":false},"author":2,"featured_media":6338,"comment_status":"open","ping_status":"open","sticky":false,"template":"","format":"standard","meta":{"advanced_seo_description":"","jetpack_seo_html_title":"","jetpack_seo_noindex":false,"_jetpack_memberships_contains_paid_content":false,"footnotes":"","jetpack_publicize_message":"","jetpack_publicize_feature_enabled":true,"jetpack_social_post_already_shared":true,"jetpack_social_options":{"image_generator_settings":{"template":"highway","enabled":false},"version":2}},"categories":[111],"tags":[8,7,32],"class_list":["post-6337","post","type-post","status-publish","format-standard","has-post-thumbnail","hentry","category-deporte","tag-altagraciadeorituco","tag-guarico","tag-webdealta",""],"jetpack_publicize_connections":[],"jetpack_featured_media_url":"https:\/\/webdealta.info\/wp-content\/uploads\/2023\/01\/atleta-Carlos-Beroes-Webdealta.png","jetpack_sharing_enabled":true,"jetpack_likes_enabled":true,"jetpack-related-posts":[],"jetpack_shortlink":"https:\/\/wp.me\/pcseDn-1Ed","_links":{"self":[{"href":"https:\/\/webdealta.info\/index.php?rest_route=\/wp\/v2\/posts\/6337","targetHints":{"allow":["GET"]}}],"collection":[{"href":"https:\/\/webdealta.info\/index.php?rest_route=\/wp\/v2\/posts"}],"about":[{"href":"https:\/\/webdealta.info\/index.php?rest_route=\/wp\/v2\/types\/post"}],"author":[{"embeddable":true,"href":"https:\/\/webdealta.info\/index.php?rest_route=\/wp\/v2\/users\/2"}],"replies":[{"embeddable":true,"href":"https:\/\/webdealta.info\/index.php?rest_route=%2Fwp%2Fv2%2Fcomments&post=6337"}],"version-history":[{"count":1,"href":"https:\/\/webdealta.info\/index.php?rest_route=\/wp\/v2\/posts\/6337\/revisions"}],"predecessor-version":[{"id":6339,"href":"https:\/\/webdealta.info\/index.php?rest_route=\/wp\/v2\/posts\/6337\/revisions\/6339"}],"wp:featuredmedia":[{"embeddable":true,"href":"https:\/\/webdealta.info\/index.php?rest_route=\/wp\/v2\/media\/6338"}],"wp:attachment":[{"href":"https:\/\/webdealta.info\/index.php?rest_route=%2Fwp%2Fv2%2Fmedia&parent=6337"}],"wp:term":[{"taxonomy":"category","embeddable":true,"href":"https:\/\/webdealta.info\/index.php?rest_route=%2Fwp%2Fv2%2Fcategories&post=6337"},{"taxonomy":"post_tag","embeddable":true,"href":"https:\/\/webdealta.info\/index.php?rest_route=%2Fwp%2Fv2%2Ftags&post=6337"}],"curies":[{"name":"wp","href":"https:\/\/api.w.org\/{rel}","templated":true}]}}