{"id":6332,"date":"2023-01-25T20:29:04","date_gmt":"2023-01-26T00:29:04","guid":{"rendered":"https:\/\/webdealta.info\/?p=6332"},"modified":"2023-01-25T20:29:06","modified_gmt":"2023-01-26T00:29:06","slug":"balance-393-ciudadanos-atendidos-en-jornada-del-seguro-social","status":"publish","type":"post","link":"https:\/\/webdealta.info\/?p=6332","title":{"rendered":"Balance: 393 ciudadanos atendidos en jornada del Seguro Social"},"content":{"rendered":"\n<p>Amanda Saldivia.-<\/p>\n\n\n\n<p>Un total de 393 ciudadanos fueron atendidos en el primer d\u00eda de jornada del Seguro Social en Altagracia de Orituco, actividad organizada por la C\u00e1mara de Comercio del municipio Monagas, como parte de las acciones enmarcadas en el 50 aniversario de ese gremio.<\/p>\n\n\n\n<p>Pablo Rojas, presidente de la instituci\u00f3n, precis\u00f3 en la noche de este mi\u00e9rcoles 25 de enero, pasada las 7:00 pm, todav\u00eda el personal del Seguro Social atend\u00eda al p\u00fablico, bajo las directrices de Margareth Requena, coordinadora del IVSS de San Juan de los Morros.<\/p>\n\n\n\n<p>Respecto al tr\u00e1mite m\u00e1s solicitado, dijo que fue el cambio de bancos, ya que existe pensionados con la asignaci\u00f3n a entidades que no tienen sede en Altagracia de Orituco, lo que dificulta la obtenci\u00f3n de dinero en efectivo, entre otras gestiones de atenci\u00f3n al p\u00fablico.<\/p>\n\n\n\n<p>Aunque el operativo contin\u00faa este jueves 26 de enero, Pablo Rojas record\u00f3 a quienes todav\u00eda faltan por atenci\u00f3n que deben ir en horas de la ma\u00f1ana, porque parte del personal del Seguro Social har\u00e1 visita a comercios, adem\u00e1s de que regresar\u00e1n a San Juan de los Morros aproximadamente a las 2:00 pm.<\/p>\n\n\n\n<p>Aprovech\u00f3 la oportunidad para agradecer a la coordinadora del Seguro Social por la disposici\u00f3n a trasladarse, junto a otros cuatro funcionarios de esa dependencia a Altagracia, as\u00ed como tambi\u00e9n reconoci\u00f3 el aporte del gremio en la log\u00edstica que viabiliz\u00f3 la jornada, entre ellos el hotel Amazor.<\/p>\n\n\n\n<p>Igualmente, hizo una menci\u00f3n especial de agradecimiento para el personal de la C\u00e1mara de Comercio y a los trabajadores del Rey del San.<\/p>\n\n\n\n<p>@amandasaldivia  <\/p>\n\n\n\n<p><\/p>\n","protected":false},"excerpt":{"rendered":"<p>Amanda Saldivia.- Un total de 393 ciudadanos fueron atendidos en el primer d\u00eda de jornada del Seguro Social en Altagracia de Orituco, actividad organizada por la C\u00e1mara de Comercio del municipio Monagas, como parte de las acciones enmarcadas en el 50 aniversario de ese gremio. Pablo Rojas, presidente de la<\/p>\n","protected":false},"author":2,"featured_media":6333,"comment_status":"open","ping_status":"open","sticky":false,"template":"","format":"standard","meta":{"advanced_seo_description":"","jetpack_seo_html_title":"","jetpack_seo_noindex":false,"_jetpack_memberships_contains_paid_content":false,"footnotes":"","jetpack_publicize_message":"","jetpack_publicize_feature_enabled":true,"jetpack_social_post_already_shared":true,"jetpack_social_options":{"image_generator_settings":{"template":"highway","enabled":false},"version":2}},"categories":[310],"tags":[8,7,32],"class_list":["post-6332","post","type-post","status-publish","format-standard","has-post-thumbnail","hentry","category-camara-de-comercio","tag-altagraciadeorituco","tag-guarico","tag-webdealta",""],"jetpack_publicize_connections":[],"jetpack_featured_media_url":"https:\/\/webdealta.info\/wp-content\/uploads\/2023\/01\/seguro-social-webdealta.png","jetpack_sharing_enabled":true,"jetpack_likes_enabled":true,"jetpack-related-posts":[],"jetpack_shortlink":"https:\/\/wp.me\/pcseDn-1E8","_links":{"self":[{"href":"https:\/\/webdealta.info\/index.php?rest_route=\/wp\/v2\/posts\/6332","targetHints":{"allow":["GET"]}}],"collection":[{"href":"https:\/\/webdealta.info\/index.php?rest_route=\/wp\/v2\/posts"}],"about":[{"href":"https:\/\/webdealta.info\/index.php?rest_route=\/wp\/v2\/types\/post"}],"author":[{"embeddable":true,"href":"https:\/\/webdealta.info\/index.php?rest_route=\/wp\/v2\/users\/2"}],"replies":[{"embeddable":true,"href":"https:\/\/webdealta.info\/index.php?rest_route=%2Fwp%2Fv2%2Fcomments&post=6332"}],"version-history":[{"count":1,"href":"https:\/\/webdealta.info\/index.php?rest_route=\/wp\/v2\/posts\/6332\/revisions"}],"predecessor-version":[{"id":6334,"href":"https:\/\/webdealta.info\/index.php?rest_route=\/wp\/v2\/posts\/6332\/revisions\/6334"}],"wp:featuredmedia":[{"embeddable":true,"href":"https:\/\/webdealta.info\/index.php?rest_route=\/wp\/v2\/media\/6333"}],"wp:attachment":[{"href":"https:\/\/webdealta.info\/index.php?rest_route=%2Fwp%2Fv2%2Fmedia&parent=6332"}],"wp:term":[{"taxonomy":"category","embeddable":true,"href":"https:\/\/webdealta.info\/index.php?rest_route=%2Fwp%2Fv2%2Fcategories&post=6332"},{"taxonomy":"post_tag","embeddable":true,"href":"https:\/\/webdealta.info\/index.php?rest_route=%2Fwp%2Fv2%2Ftags&post=6332"}],"curies":[{"name":"wp","href":"https:\/\/api.w.org\/{rel}","templated":true}]}}