{"id":6327,"date":"2023-01-24T20:09:52","date_gmt":"2023-01-25T00:09:52","guid":{"rendered":"https:\/\/webdealta.info\/?p=6327"},"modified":"2023-01-24T20:10:42","modified_gmt":"2023-01-25T00:10:42","slug":"observatorio-glp-inicio-consulta-sobre-problemas-del-orituco","status":"publish","type":"post","link":"https:\/\/webdealta.info\/?p=6327","title":{"rendered":"Observatorio LGP inici\u00f3 consulta sobre problemas del Orituco"},"content":{"rendered":"\n<p>Amanda Saldivia.-<\/p>\n\n\n\n<p>El observatorio ciudadano de pol\u00edticas p\u00fablicas La Gente Propone, identificado en esta regi\u00f3n guarique\u00f1a como el nombre de Orituco Propone, inici\u00f3 la primera consulta ciudadana del a\u00f1o con la siguiente interrogante: cu\u00e1l es la problem\u00e1tica que amerita ser atendida de manera prioritaria este 2023, en pro de generar una mejor calidad de vida en los habitantes del municipio Jos\u00e9 Tadeo Monagas.<\/p>\n\n\n\n<p>Roberto Pe\u00f1a, soci\u00f3logo y promotor del observatorio, acompa\u00f1ado de la periodista Janeth Chique, participaron en el programa Tiempo de Cambios de este martes 24 de enero, con la finalidad de aminar a los vecinos a participar en la consulta, por medio de las redes sociales @oritucopropone en Instagram, Facebook y Twitter.<\/p>\n\n\n\n<p>Durante el desarrollo de la entrevista recordaron, que el observatorio es una iniciativa del grupo social Cesap, que es impulsada en esta regi\u00f3n del estado Gu\u00e1rico por la asociada Acci\u00f3n Campesina y que en los \u00faltimos cuatro a\u00f1os ha trabajado en pro de articular acciones de exigibilidad de derechos, b\u00e1sicamente enfocados en los servicios p\u00fablicos.<\/p>\n\n\n\n<p>No obstante, anunciaron que este 2023 incluir\u00e1n el \u00e1rea social, entendida como el acceso a la salud y a la educaci\u00f3n, por estar estrechamente relacionada a los servicios p\u00fablicos, tales como el suministro de agua potable, disposici\u00f3n de aguas servidas y aseo urbano, entre otros.<\/p>\n\n\n\n<p>Otra de las l\u00edneas de acci\u00f3n est\u00e1 relacionada con la violencia de g\u00e9nero, motivo por el cual promover\u00e1n, conjuntamente con la concejal Andreina Zerpa y el resto de los ediles del Concejo Municipal, una ordenanza en esta materia, la cual permita una mejor atenci\u00f3n a la mujer en situaci\u00f3n vulnerable.<\/p>\n\n\n\n<p>@amandasaldivia  <\/p>\n\n\n\n<p><\/p>\n","protected":false},"excerpt":{"rendered":"<p>Amanda Saldivia.- El observatorio ciudadano de pol\u00edticas p\u00fablicas La Gente Propone, identificado en esta regi\u00f3n guarique\u00f1a como el nombre de Orituco Propone, inici\u00f3 la primera consulta ciudadana del a\u00f1o con la siguiente interrogante: cu\u00e1l es la problem\u00e1tica que amerita ser atendida de manera prioritaria este 2023, en pro de generar<\/p>\n","protected":false},"author":2,"featured_media":6328,"comment_status":"open","ping_status":"open","sticky":false,"template":"","format":"standard","meta":{"advanced_seo_description":"","jetpack_seo_html_title":"","jetpack_seo_noindex":false,"_jetpack_memberships_contains_paid_content":false,"footnotes":"","jetpack_publicize_message":"","jetpack_publicize_feature_enabled":true,"jetpack_social_post_already_shared":true,"jetpack_social_options":{"image_generator_settings":{"template":"highway","enabled":false},"version":2}},"categories":[251],"tags":[8,7,32],"class_list":["post-6327","post","type-post","status-publish","format-standard","has-post-thumbnail","hentry","category-webdealta","tag-altagraciadeorituco","tag-guarico","tag-webdealta",""],"jetpack_publicize_connections":[],"jetpack_featured_media_url":"https:\/\/webdealta.info\/wp-content\/uploads\/2023\/01\/glp-webdealta.png","jetpack_sharing_enabled":true,"jetpack_likes_enabled":true,"jetpack-related-posts":[],"jetpack_shortlink":"https:\/\/wp.me\/pcseDn-1E3","_links":{"self":[{"href":"https:\/\/webdealta.info\/index.php?rest_route=\/wp\/v2\/posts\/6327","targetHints":{"allow":["GET"]}}],"collection":[{"href":"https:\/\/webdealta.info\/index.php?rest_route=\/wp\/v2\/posts"}],"about":[{"href":"https:\/\/webdealta.info\/index.php?rest_route=\/wp\/v2\/types\/post"}],"author":[{"embeddable":true,"href":"https:\/\/webdealta.info\/index.php?rest_route=\/wp\/v2\/users\/2"}],"replies":[{"embeddable":true,"href":"https:\/\/webdealta.info\/index.php?rest_route=%2Fwp%2Fv2%2Fcomments&post=6327"}],"version-history":[{"count":2,"href":"https:\/\/webdealta.info\/index.php?rest_route=\/wp\/v2\/posts\/6327\/revisions"}],"predecessor-version":[{"id":6330,"href":"https:\/\/webdealta.info\/index.php?rest_route=\/wp\/v2\/posts\/6327\/revisions\/6330"}],"wp:featuredmedia":[{"embeddable":true,"href":"https:\/\/webdealta.info\/index.php?rest_route=\/wp\/v2\/media\/6328"}],"wp:attachment":[{"href":"https:\/\/webdealta.info\/index.php?rest_route=%2Fwp%2Fv2%2Fmedia&parent=6327"}],"wp:term":[{"taxonomy":"category","embeddable":true,"href":"https:\/\/webdealta.info\/index.php?rest_route=%2Fwp%2Fv2%2Fcategories&post=6327"},{"taxonomy":"post_tag","embeddable":true,"href":"https:\/\/webdealta.info\/index.php?rest_route=%2Fwp%2Fv2%2Ftags&post=6327"}],"curies":[{"name":"wp","href":"https:\/\/api.w.org\/{rel}","templated":true}]}}