{"id":6318,"date":"2023-01-22T21:31:31","date_gmt":"2023-01-23T01:31:31","guid":{"rendered":"https:\/\/webdealta.info\/?p=6318"},"modified":"2023-01-22T21:53:11","modified_gmt":"2023-01-23T01:53:11","slug":"con-musical-recordaron-vida-y-obra-de-la-beata-maria-berenice","status":"publish","type":"post","link":"https:\/\/webdealta.info\/?p=6318","title":{"rendered":"Con musical recordaron vida y obra de la beata Mar\u00eda Berenice"},"content":{"rendered":"\n<p>Amanda Saldivia.-<\/p>\n\n\n\n<p>Los laicos Anunciatos comenzaron, este domingo 22 de enero, las actividades enmarcadas en el homenaje a la beata madre Mar\u00eda Berenice, fundadora de las hermanitas de la Anunciaci\u00f3n. Lo hicieron con un musical bajo la producci\u00f3n de la profesora Sobeida L\u00f3pez, el cual tuvo en escena a m\u00e1s de 50 personas, entre estudiantes y profesores del colegio Padre Juan de Barnuevo, as\u00ed como tambi\u00e9n la agrupaci\u00f3n Pinceladas del preescolar Pitoquin y la danza de Nazareth Santamar\u00eda.<\/p>\n\n\n\n<p>Ellos escenificaron la vida de la ni\u00f1a Ana Julia Duque Hencker, quien naci\u00f3 en Salamina, departamento de Caldas en Colombia y cuya obra como madre Mar\u00eda Berenice, la llev\u00f3 a ser elevada a los altares el 29 de octubre de 2022, fecha en la cual fue beatificada en Medell\u00edn, donde se encuentra la casa principal de esta congregaci\u00f3n religiosa, que est\u00e1 actualmente en 15 pa\u00edses.<\/p>\n\n\n\n<p>La vinculaci\u00f3n de la hermana Mar\u00eda Berenice con esta poblaci\u00f3n guarique\u00f1a, se remonta a m\u00e1s de 50 a\u00f1os, cuando se instalaron en Macaira las primeras hermanitas de la Anunciaci\u00f3n, para posteriormente residenciarse en Altagracia de Orituco, donde llevaron a cabo su labor evangelizadora ligada a la iglesia Nuestra Se\u00f1ora de Altagracia.<\/p>\n\n\n\n<p>Aunque las hermanitas ya no tienen presencia en la localidad, si lo hacen los Laicos Anunciatos, quienes incluso estuvieron en el acto de beatificaci\u00f3n que se llev\u00f3 a cabo en Medell\u00edn. Ellos siguen la obra de esta inspiradora beata, que se distingui\u00f3, porque le dio cabida en su congregaci\u00f3n a las excluidas de la \u00e9poca, es decir a mujeres de bajos recursos, de color o con discapacidad.<\/p>\n\n\n\n<p>Este domingo la sala Atenas estuvo a m\u00e1xima capacidad y sin duda fue una alternativa para conocer la vida de esta nueva beata, que tantas similitudes tiene con la Madre Candelaria de San Jos\u00e9, de acuerdo a lo comentado por Leonardo Lagazzi, gracitano que coordina los Laicos Anunciatos.<\/p>\n\n\n\n<p>Al culminar la obra, record\u00f3 que para este lunes 23 de enero, a la 5:00 pm, est\u00e1 prevista la eucarist\u00eda en la capilla del Carmen, la cual ser\u00e1 oficiada por Monse\u00f1or Ram\u00f3n Jos\u00e9 Aponte y el resto de los sacerdotes que integran el arciprestazgo. <\/p>\n\n\n\n<p>As\u00ed mismo, agradeci\u00f3 a todos los que hicieron posible tan importante musical, que resumi\u00f3 la vida de la beata. <\/p>\n\n\n\n<p>@amandasaldivia   <\/p>\n\n\n\n<p><\/p>\n","protected":false},"excerpt":{"rendered":"<p>Amanda Saldivia.- Los laicos Anunciatos comenzaron, este domingo 22 de enero, las actividades enmarcadas en el homenaje a la beata madre Mar\u00eda Berenice, fundadora de las hermanitas de la Anunciaci\u00f3n. Lo hicieron con un musical bajo la producci\u00f3n de la profesora Sobeida L\u00f3pez, el cual tuvo en escena a m\u00e1s<\/p>\n","protected":false},"author":2,"featured_media":6319,"comment_status":"open","ping_status":"open","sticky":false,"template":"","format":"standard","meta":{"advanced_seo_description":"","jetpack_seo_html_title":"","jetpack_seo_noindex":false,"_jetpack_memberships_contains_paid_content":false,"footnotes":"","jetpack_publicize_message":"","jetpack_publicize_feature_enabled":true,"jetpack_social_post_already_shared":true,"jetpack_social_options":{"image_generator_settings":{"template":"highway","enabled":false},"version":2}},"categories":[117],"tags":[8,7,32],"class_list":["post-6318","post","type-post","status-publish","format-standard","has-post-thumbnail","hentry","category-celebracion","tag-altagraciadeorituco","tag-guarico","tag-webdealta",""],"jetpack_publicize_connections":[],"jetpack_featured_media_url":"https:\/\/webdealta.info\/wp-content\/uploads\/2023\/01\/maria-berenice-laicos-anunciatos-webdealta.png","jetpack_sharing_enabled":true,"jetpack_likes_enabled":true,"jetpack-related-posts":[],"jetpack_shortlink":"https:\/\/wp.me\/pcseDn-1DU","_links":{"self":[{"href":"https:\/\/webdealta.info\/index.php?rest_route=\/wp\/v2\/posts\/6318","targetHints":{"allow":["GET"]}}],"collection":[{"href":"https:\/\/webdealta.info\/index.php?rest_route=\/wp\/v2\/posts"}],"about":[{"href":"https:\/\/webdealta.info\/index.php?rest_route=\/wp\/v2\/types\/post"}],"author":[{"embeddable":true,"href":"https:\/\/webdealta.info\/index.php?rest_route=\/wp\/v2\/users\/2"}],"replies":[{"embeddable":true,"href":"https:\/\/webdealta.info\/index.php?rest_route=%2Fwp%2Fv2%2Fcomments&post=6318"}],"version-history":[{"count":2,"href":"https:\/\/webdealta.info\/index.php?rest_route=\/wp\/v2\/posts\/6318\/revisions"}],"predecessor-version":[{"id":6321,"href":"https:\/\/webdealta.info\/index.php?rest_route=\/wp\/v2\/posts\/6318\/revisions\/6321"}],"wp:featuredmedia":[{"embeddable":true,"href":"https:\/\/webdealta.info\/index.php?rest_route=\/wp\/v2\/media\/6319"}],"wp:attachment":[{"href":"https:\/\/webdealta.info\/index.php?rest_route=%2Fwp%2Fv2%2Fmedia&parent=6318"}],"wp:term":[{"taxonomy":"category","embeddable":true,"href":"https:\/\/webdealta.info\/index.php?rest_route=%2Fwp%2Fv2%2Fcategories&post=6318"},{"taxonomy":"post_tag","embeddable":true,"href":"https:\/\/webdealta.info\/index.php?rest_route=%2Fwp%2Fv2%2Ftags&post=6318"}],"curies":[{"name":"wp","href":"https:\/\/api.w.org\/{rel}","templated":true}]}}