{"id":6314,"date":"2023-01-21T20:17:26","date_gmt":"2023-01-22T00:17:26","guid":{"rendered":"https:\/\/webdealta.info\/?p=6314"},"modified":"2023-01-21T20:17:28","modified_gmt":"2023-01-22T00:17:28","slug":"monsenor-aponte-presidio-eucaristia-en-honor-a-nuestra-senora-de-altagracia","status":"publish","type":"post","link":"https:\/\/webdealta.info\/?p=6314","title":{"rendered":"Monse\u00f1or Aponte presidi\u00f3 eucarist\u00eda en honor a Nuestra Se\u00f1ora de Altagracia"},"content":{"rendered":"\n<p>Amanda Saldivia.-<\/p>\n\n\n\n<p>La festividad en honor a Nuestra Se\u00f1ora de Altagracia inici\u00f3 con la novena por los distintos sectores que integran esta parroquia eclesi\u00e1stica del municipio Jos\u00e9 Tadeo Monagas, para culminar este s\u00e1bado 21 de enero, d\u00eda escogido por la iglesia para su celebraci\u00f3n, con las eucarist\u00edas para resaltar lo que simboliza esta advocaci\u00f3n mariana.<\/p>\n\n\n\n<p>El lienzo de Nuestra Se\u00f1ora de Altagracia muestra la imagen del Nacimiento de Jes\u00fas en el pesebre de Bel\u00e9n, en la cual se destaca la maternidad de la Virgen y la Alta Gracia que le fue concedida para fuera la Madre de Dios. &nbsp;<\/p>\n\n\n\n<p>Ese fue parte del mensaje expresado por Monse\u00f1or Ram\u00f3n Jos\u00e9 Aponte, obispo de la Di\u00f3cesis de Valle de la Pascua, quien presidi\u00f3 la Santa Misa, en compa\u00f1\u00eda del resto de los sacerdotes que integran el arciprestazgo de esta regi\u00f3n del estado Gu\u00e1rico, entre ellos el padre Cruz Mujica, gu\u00eda espiritual de esta parroquia.<\/p>\n\n\n\n<p>La parroquia Nuestra Se\u00f1ora de Altagracia fue fundada en el 4 de junio de 1676 y de all\u00ed se deriva posteriormente el nombre de Altagracia de Orituco, para identificar a esta poblaci\u00f3n del estado Gu\u00e1rico.<\/p>\n\n\n\n<p>Por simbolizar el Nacimiento de Jes\u00fas en el pesebre, se le pide por la familia, para que se mantenga unida, tal como lo hizo Jos\u00e9 junto a Mar\u00eda, al ser honrada como la Madre de Dios.<\/p>\n\n\n\n<p>@amandasaldivia  <\/p>\n\n\n\n<p><\/p>\n","protected":false},"excerpt":{"rendered":"<p>Amanda Saldivia.- La festividad en honor a Nuestra Se\u00f1ora de Altagracia inici\u00f3 con la novena por los distintos sectores que integran esta parroquia eclesi\u00e1stica del municipio Jos\u00e9 Tadeo Monagas, para culminar este s\u00e1bado 21 de enero, d\u00eda escogido por la iglesia para su celebraci\u00f3n, con las eucarist\u00edas para resaltar lo<\/p>\n","protected":false},"author":2,"featured_media":6315,"comment_status":"open","ping_status":"open","sticky":false,"template":"","format":"standard","meta":{"advanced_seo_description":"","jetpack_seo_html_title":"","jetpack_seo_noindex":false,"_jetpack_memberships_contains_paid_content":false,"footnotes":"","jetpack_publicize_message":"","jetpack_publicize_feature_enabled":true,"jetpack_social_post_already_shared":true,"jetpack_social_options":{"image_generator_settings":{"template":"highway","enabled":false},"version":2}},"categories":[42],"tags":[8,7,32],"class_list":["post-6314","post","type-post","status-publish","format-standard","has-post-thumbnail","hentry","category-iglesia-catolica","tag-altagraciadeorituco","tag-guarico","tag-webdealta",""],"jetpack_publicize_connections":[],"jetpack_featured_media_url":"https:\/\/webdealta.info\/wp-content\/uploads\/2023\/01\/nuestra-senora-de-altagracia-dia-webdealta.png","jetpack_sharing_enabled":true,"jetpack_likes_enabled":true,"jetpack-related-posts":[],"jetpack_shortlink":"https:\/\/wp.me\/pcseDn-1DQ","_links":{"self":[{"href":"https:\/\/webdealta.info\/index.php?rest_route=\/wp\/v2\/posts\/6314","targetHints":{"allow":["GET"]}}],"collection":[{"href":"https:\/\/webdealta.info\/index.php?rest_route=\/wp\/v2\/posts"}],"about":[{"href":"https:\/\/webdealta.info\/index.php?rest_route=\/wp\/v2\/types\/post"}],"author":[{"embeddable":true,"href":"https:\/\/webdealta.info\/index.php?rest_route=\/wp\/v2\/users\/2"}],"replies":[{"embeddable":true,"href":"https:\/\/webdealta.info\/index.php?rest_route=%2Fwp%2Fv2%2Fcomments&post=6314"}],"version-history":[{"count":1,"href":"https:\/\/webdealta.info\/index.php?rest_route=\/wp\/v2\/posts\/6314\/revisions"}],"predecessor-version":[{"id":6316,"href":"https:\/\/webdealta.info\/index.php?rest_route=\/wp\/v2\/posts\/6314\/revisions\/6316"}],"wp:featuredmedia":[{"embeddable":true,"href":"https:\/\/webdealta.info\/index.php?rest_route=\/wp\/v2\/media\/6315"}],"wp:attachment":[{"href":"https:\/\/webdealta.info\/index.php?rest_route=%2Fwp%2Fv2%2Fmedia&parent=6314"}],"wp:term":[{"taxonomy":"category","embeddable":true,"href":"https:\/\/webdealta.info\/index.php?rest_route=%2Fwp%2Fv2%2Fcategories&post=6314"},{"taxonomy":"post_tag","embeddable":true,"href":"https:\/\/webdealta.info\/index.php?rest_route=%2Fwp%2Fv2%2Ftags&post=6314"}],"curies":[{"name":"wp","href":"https:\/\/api.w.org\/{rel}","templated":true}]}}