{"id":6310,"date":"2023-01-21T19:35:24","date_gmt":"2023-01-21T23:35:24","guid":{"rendered":"https:\/\/webdealta.info\/?p=6310"},"modified":"2023-01-21T19:35:25","modified_gmt":"2023-01-21T23:35:25","slug":"el-poder-del-conocimiento-construccion-de-la-iglesia-nuestra-senora-de-altagracia","status":"publish","type":"post","link":"https:\/\/webdealta.info\/?p=6310","title":{"rendered":"El Poder del Conocimiento: construcci\u00f3n de la iglesia Nuestra Se\u00f1ora de Altagracia"},"content":{"rendered":"\n<p>Amanda Saldivia.-<\/p>\n\n\n\n<p>Altagracia de Orituco tiene m\u00e1s de 300 a\u00f1os de historia y a la par de su evoluci\u00f3n, tambi\u00e9n las construcciones han sido modificadas. Entre ellas est\u00e1 la Iglesia Nuestra Se\u00f1ora de Altagracia, la cual de acuerdo a registros de historiadores pas\u00f3 de ser una precaria edificaci\u00f3n con techo de paja, al templo de tres naves divididas por columnas, tal como la conocemos hoy en d\u00eda.<\/p>\n\n\n\n<p>Llegar a los datos no fue tarea f\u00e1cil para los investigadores. El Dr. Carlos L\u00f3pez Garc\u00e9s, en su libro Tiempos Coloniales de Altagracia de Orituco, por ejemplo, afirma que la primera iglesia no estaba ubicada donde la conocemos actualmente, sino en el piedemonte de la Serran\u00eda del Interior, en la margen occidental del r\u00edo Orituco, sitio que se denominaba la Mesa de los Guaiquer\u00edes, en frente de la monta\u00f1a Sepipo, porque ah\u00ed se ubic\u00f3 Altagracia inicialmente.<\/p>\n\n\n\n<p>Como argumento, cita al obispo Mart\u00ed, quien describe que la iglesia de esta regi\u00f3n es \u201ccobijada de cogollo\u201d, paredes de bahareque, que tiene de doce varas de largo y siete de ancho, con sacrist\u00eda contigua de tres varas, dato que corresponde a junio de 1704, cuando el pueblo estaba del otro lado de r\u00edo.<\/p>\n\n\n\n<p>Posteriormente, hubo la reubicaci\u00f3n del poblado hacia el este y el 15 de julio de 1726 documentos respaldan que hab\u00eda una iglesia nueva, \u201cde buen maderaje, cubierta de un lado de palma y del otro de cogollo, de treinta y una varas de largo y diez de ancho\u201d.<\/p>\n\n\n\n<p>Con ese dato el Dr. L\u00f3pez Garc\u00e9s, infiere que el templo ya estaba en el sitio donde lo conocemos, porque para 1777 hay evidencias de que techo de paja fue sustituido por tejas, sobre obra limpia, paredes dobles de bahareque, fachada de adobones y piso de ladrillos.<\/p>\n\n\n\n<p>Sin embargo, los cambios prosiguieron, porque pr\u00e1cticamente 100 a\u00f1os despu\u00e9s, en la d\u00e9cada de 1880-1890 y producto de la bonanza econ\u00f3mica que gener\u00f3 el cultivo del caf\u00e9, a los pobladores de esta tierra los invadi\u00f3 la modernizaci\u00f3n.<\/p>\n\n\n\n<p>As\u00ed lo apunta el historiador Pedro Calzadilla \u00c1lvarez, quien en su obra El Valle de Orituco, 300 a\u00f1os de historia, afirma que se construy\u00f3 la nueva iglesia donde estuvieron las otras dos y que la obra comenz\u00f3 en el a\u00f1o 1882 y concluy\u00f3 en 1894.<\/p>\n\n\n\n<p>As\u00ed que la iglesia Nuestra Se\u00f1ora de Altagracia tiene m\u00e1s de 128 a\u00f1os de construida y se le realizaron modificaciones a finales de los a\u00f1os 50, inicio de los 60. Datos interesantes que nos aportan ambos historiadores y que nos permiten valorar el patrimonio cultural de esta tierra orituque\u00f1a.<\/p>\n\n\n\n<p>Ese fue el tema desarrollado durante la semana, en la serie de micros El Poder del Conocimiento, iniciativa de la empresa Promasorca para enriquecer los saberes con historias, curiosidades y an\u00e9cdotas interesantes de esta regi\u00f3n orituque\u00f1a y del mundo.<\/p>\n\n\n\n<p>@amandasaldivia   <\/p>\n\n\n\n<p><\/p>\n","protected":false},"excerpt":{"rendered":"<p>Amanda Saldivia.- Altagracia de Orituco tiene m\u00e1s de 300 a\u00f1os de historia y a la par de su evoluci\u00f3n, tambi\u00e9n las construcciones han sido modificadas. Entre ellas est\u00e1 la Iglesia Nuestra Se\u00f1ora de Altagracia, la cual de acuerdo a registros de historiadores pas\u00f3 de ser una precaria edificaci\u00f3n con techo<\/p>\n","protected":false},"author":2,"featured_media":6311,"comment_status":"open","ping_status":"open","sticky":false,"template":"","format":"standard","meta":{"advanced_seo_description":"","jetpack_seo_html_title":"","jetpack_seo_noindex":false,"_jetpack_memberships_contains_paid_content":false,"footnotes":"","jetpack_publicize_message":"","jetpack_publicize_feature_enabled":true,"jetpack_social_post_already_shared":true,"jetpack_social_options":{"image_generator_settings":{"template":"highway","enabled":false},"version":2}},"categories":[302],"tags":[8,7,32],"class_list":["post-6310","post","type-post","status-publish","format-standard","has-post-thumbnail","hentry","category-el-poder-del-conocimiento","tag-altagraciadeorituco","tag-guarico","tag-webdealta",""],"jetpack_publicize_connections":[],"jetpack_featured_media_url":"https:\/\/webdealta.info\/wp-content\/uploads\/2023\/01\/iglesia-nuestra-senora-de-altagracia-2023-webdealta.png","jetpack_sharing_enabled":true,"jetpack_likes_enabled":true,"jetpack-related-posts":[],"jetpack_shortlink":"https:\/\/wp.me\/pcseDn-1DM","_links":{"self":[{"href":"https:\/\/webdealta.info\/index.php?rest_route=\/wp\/v2\/posts\/6310","targetHints":{"allow":["GET"]}}],"collection":[{"href":"https:\/\/webdealta.info\/index.php?rest_route=\/wp\/v2\/posts"}],"about":[{"href":"https:\/\/webdealta.info\/index.php?rest_route=\/wp\/v2\/types\/post"}],"author":[{"embeddable":true,"href":"https:\/\/webdealta.info\/index.php?rest_route=\/wp\/v2\/users\/2"}],"replies":[{"embeddable":true,"href":"https:\/\/webdealta.info\/index.php?rest_route=%2Fwp%2Fv2%2Fcomments&post=6310"}],"version-history":[{"count":1,"href":"https:\/\/webdealta.info\/index.php?rest_route=\/wp\/v2\/posts\/6310\/revisions"}],"predecessor-version":[{"id":6312,"href":"https:\/\/webdealta.info\/index.php?rest_route=\/wp\/v2\/posts\/6310\/revisions\/6312"}],"wp:featuredmedia":[{"embeddable":true,"href":"https:\/\/webdealta.info\/index.php?rest_route=\/wp\/v2\/media\/6311"}],"wp:attachment":[{"href":"https:\/\/webdealta.info\/index.php?rest_route=%2Fwp%2Fv2%2Fmedia&parent=6310"}],"wp:term":[{"taxonomy":"category","embeddable":true,"href":"https:\/\/webdealta.info\/index.php?rest_route=%2Fwp%2Fv2%2Fcategories&post=6310"},{"taxonomy":"post_tag","embeddable":true,"href":"https:\/\/webdealta.info\/index.php?rest_route=%2Fwp%2Fv2%2Ftags&post=6310"}],"curies":[{"name":"wp","href":"https:\/\/api.w.org\/{rel}","templated":true}]}}