{"id":6294,"date":"2023-01-18T23:32:20","date_gmt":"2023-01-19T03:32:20","guid":{"rendered":"https:\/\/webdealta.info\/?p=6294"},"modified":"2023-01-18T23:32:21","modified_gmt":"2023-01-19T03:32:21","slug":"continuan-las-acciones-de-calle-y-las-asambleas-en-las-escuelas","status":"publish","type":"post","link":"https:\/\/webdealta.info\/?p=6294","title":{"rendered":"Contin\u00faan las acciones de calle y las asambleas en las escuelas"},"content":{"rendered":"\n<p>Amanda Saldivia.-<\/p>\n\n\n\n<p>Con asamblea y acciones de calle, contin\u00faan en Altagracia de Orituco las protestas del sector educativo en reclamo de reivindicaciones laborales, para exigir lo establecido en el art\u00edculo 91 de la Constituci\u00f3n de la Rep\u00fablica Bolivariana de Venezuela, el cual establece que \u201ctodo trabajador o trabajadora tiene derecho a un salario suficiente que le permita vivir con dignidad y cubrir para s\u00ed y su familia las necesidades b\u00e1sicas materiales, sociales e intelectuales\u00bb.<\/p>\n\n\n\n<p>Este mi\u00e9rcoles de 18 de enero, nuevamente docentes activos y jubilados se concentraron en la llamada Esquina Caliente de Altagracia de Orituco, para expresar el descontento y sensibilizar a la poblaci\u00f3n sobre las razones de la protesta, mientras otros celebraban asambleas en instituciones educativas, a los fines de buscar el apoyo de los representantes.<\/p>\n\n\n\n<p>Eichler Hern\u00e1ndez secretario de Fetraense\u00f1anza, dijo que est\u00e1n \u201cvisitando las escuela para realizar asamblea con padres y representantes, conjuntamente con el personal docente, administrativo, obrero y madres procesadoras, para que se comprenda que hay una violaci\u00f3n del art\u00edculo 91 de la CRBV, tenemos tres a\u00f1os con el contrato vencido y un a\u00f1o sentados en la mesa sin resultados\u00bb.<\/p>\n\n\n\n<p>En virtud de esa realidad, el profesor Hern\u00e1ndez se\u00f1al\u00f3, que aparte de las acciones de calles, han sostenido encuentros con \u201clos padres y representantes para demostrarles con una estructura de costo que es m\u00e1s lo que gastamos, que lo que recibimos por salario\u201d.<\/p>\n\n\n\n<p>Como basamento legal, precis\u00f3 que la protesta se hace en concordancia con el art\u00edculo 68 de la Constituci\u00f3n y que est\u00e1n exigiendo al patrono que cumpla con el art\u00edculo 2 de la Ley Org\u00e1nica de Educaci\u00f3n, el cual tiene como \u201cmandato que el Estado est\u00e1 obligado en forma indeclinable a cubrir el sistema educativo en Venezuela\u201d.<\/p>\n\n\n\n<p>Sobre la jornada laboral, indic\u00f3 que con los salarios actuales es imposible cumplirla completa, motivo por el cual est\u00e1n ajustando los horarios, con el apoyo de los padres y representantes, adem\u00e1s de respaldar los acuerdos mediante actas.<\/p>\n\n\n\n<p>@amandasaldivia   <\/p>\n\n\n\n<p><\/p>\n","protected":false},"excerpt":{"rendered":"<p>Amanda Saldivia.- Con asamblea y acciones de calle, contin\u00faan en Altagracia de Orituco las protestas del sector educativo en reclamo de reivindicaciones laborales, para exigir lo establecido en el art\u00edculo 91 de la Constituci\u00f3n de la Rep\u00fablica Bolivariana de Venezuela, el cual establece que \u201ctodo trabajador o trabajadora tiene derecho<\/p>\n","protected":false},"author":2,"featured_media":6295,"comment_status":"open","ping_status":"open","sticky":false,"template":"","format":"standard","meta":{"advanced_seo_description":"","jetpack_seo_html_title":"","jetpack_seo_noindex":false,"_jetpack_memberships_contains_paid_content":false,"footnotes":"","jetpack_publicize_message":"","jetpack_publicize_feature_enabled":true,"jetpack_social_post_already_shared":true,"jetpack_social_options":{"image_generator_settings":{"template":"highway","enabled":false},"version":2}},"categories":[14],"tags":[8,7,32],"class_list":["post-6294","post","type-post","status-publish","format-standard","has-post-thumbnail","hentry","category-protesta","tag-altagraciadeorituco","tag-guarico","tag-webdealta",""],"jetpack_publicize_connections":[],"jetpack_featured_media_url":"https:\/\/webdealta.info\/wp-content\/uploads\/2023\/01\/protesta-educacion-webdealta.png","jetpack_sharing_enabled":true,"jetpack_likes_enabled":true,"jetpack-related-posts":[],"jetpack_shortlink":"https:\/\/wp.me\/pcseDn-1Dw","_links":{"self":[{"href":"https:\/\/webdealta.info\/index.php?rest_route=\/wp\/v2\/posts\/6294","targetHints":{"allow":["GET"]}}],"collection":[{"href":"https:\/\/webdealta.info\/index.php?rest_route=\/wp\/v2\/posts"}],"about":[{"href":"https:\/\/webdealta.info\/index.php?rest_route=\/wp\/v2\/types\/post"}],"author":[{"embeddable":true,"href":"https:\/\/webdealta.info\/index.php?rest_route=\/wp\/v2\/users\/2"}],"replies":[{"embeddable":true,"href":"https:\/\/webdealta.info\/index.php?rest_route=%2Fwp%2Fv2%2Fcomments&post=6294"}],"version-history":[{"count":1,"href":"https:\/\/webdealta.info\/index.php?rest_route=\/wp\/v2\/posts\/6294\/revisions"}],"predecessor-version":[{"id":6296,"href":"https:\/\/webdealta.info\/index.php?rest_route=\/wp\/v2\/posts\/6294\/revisions\/6296"}],"wp:featuredmedia":[{"embeddable":true,"href":"https:\/\/webdealta.info\/index.php?rest_route=\/wp\/v2\/media\/6295"}],"wp:attachment":[{"href":"https:\/\/webdealta.info\/index.php?rest_route=%2Fwp%2Fv2%2Fmedia&parent=6294"}],"wp:term":[{"taxonomy":"category","embeddable":true,"href":"https:\/\/webdealta.info\/index.php?rest_route=%2Fwp%2Fv2%2Fcategories&post=6294"},{"taxonomy":"post_tag","embeddable":true,"href":"https:\/\/webdealta.info\/index.php?rest_route=%2Fwp%2Fv2%2Ftags&post=6294"}],"curies":[{"name":"wp","href":"https:\/\/api.w.org\/{rel}","templated":true}]}}