{"id":6289,"date":"2023-01-17T21:59:03","date_gmt":"2023-01-18T01:59:03","guid":{"rendered":"https:\/\/webdealta.info\/?p=6289"},"modified":"2023-01-17T21:59:03","modified_gmt":"2023-01-18T01:59:03","slug":"comerciantes-retoman-horarios-habituales","status":"publish","type":"post","link":"https:\/\/webdealta.info\/?p=6289","title":{"rendered":"Comerciantes retoman horarios habituales"},"content":{"rendered":"\n<p>Amanda Saldivia.-<\/p>\n\n\n\n<p>Poco a poco en Altagracia de Orituco se evidencian cambios respecto a los horarios del \u00e1rea comercial, ya que producto de la pandemia y de las deficiencias del transporte p\u00fablico, la poblaci\u00f3n de habitu\u00f3 a jornadas de medio turno, lo que se ha mantenido durante meses, a pesar de que las medidas para frenar el covid-19 se levantaron.<\/p>\n\n\n\n<p>Este a\u00f1o 2023, el equipo de la Web de Altagracia constat\u00f3 que m\u00e1s comercios extendieron el horario hasta las 5:00 pm, como un esfuerzo para revertir esa costumbre que \u201cadormece\u201d al casco central de Altagracia, en el cual se aprecian calles con comercios cerrados y por ende desiertas.<\/p>\n\n\n\n<p>Al respecto, Pablo Rojas, presidente de la C\u00e1mara de Comercio, dio el ejemplo al retomar la jornada horario corrido desde las 7:00 am hasta las 5:00 pm, en el Rey del San, establecimiento de su propiedad, ubicado en la calle Ilustres Pr\u00f3ceres, la v\u00eda comercial por excelencia de este poblado guarique\u00f1o.<\/p>\n\n\n\n<p>Sobre su experiencia, dijo que la primera traba estuvo en los empleados, pero que posteriormente comprendieron la necesidad de retomar la jornada completa en beneficio de los consumidores, quienes ya conocen que hay esta alternativa para las compras vespertinas.<\/p>\n\n\n\n<p>Por su parte, Ninorka del Corral, gerente del Centro de Servicio Todo Cars Altagracia, comparti\u00f3 con la Web de Altagracia el nuevo horario a partir del pasado lunes, en el cual especifica que la jornada ser\u00e1 de lunes a viernes ma\u00f1ana y tarde, mientras que la sabatina cumplir\u00e1 un horario de 8:00 am a 12:30 pm.<\/p>\n\n\n\n<p>Otro comercio que tambi\u00e9n anunci\u00f3 la extensi\u00f3n de horario fue Creaciones Mary, ubicado en la calle Ilustres Pr\u00f3ceres y administrado por Maribel Coronil. Ese comercio trabajar\u00e1 de lunes a viernes ambos turnos y los s\u00e1bados de 8:00 am a 1:00 pm.<\/p>\n\n\n\n<p>A eso se suman, ferreter\u00edas y otros comercios de la calle Bol\u00edvar, entre ellos bodegones, abastos y charcuter\u00edas, cuyos due\u00f1os comprender la importancia de que Altagracia recobre la actividad a plenitud, tal como lo han hecho otros pueblos y ciudades de Venezuela, luego de levantarse las medidas de confinamiento por el covid-19.<\/p>\n\n\n\n<p>@amandasaldivia    <\/p>\n\n\n\n<p><\/p>\n","protected":false},"excerpt":{"rendered":"<p>Amanda Saldivia.- Poco a poco en Altagracia de Orituco se evidencian cambios respecto a los horarios del \u00e1rea comercial, ya que producto de la pandemia y de las deficiencias del transporte p\u00fablico, la poblaci\u00f3n de habitu\u00f3 a jornadas de medio turno, lo que se ha mantenido durante meses, a pesar<\/p>\n","protected":false},"author":2,"featured_media":6290,"comment_status":"open","ping_status":"open","sticky":false,"template":"","format":"standard","meta":{"advanced_seo_description":"","jetpack_seo_html_title":"","jetpack_seo_noindex":false,"_jetpack_memberships_contains_paid_content":false,"footnotes":"","jetpack_publicize_message":"","jetpack_publicize_feature_enabled":true,"jetpack_social_post_already_shared":true,"jetpack_social_options":{"image_generator_settings":{"template":"highway","enabled":false},"version":2}},"categories":[233],"tags":[8,7,32],"class_list":["post-6289","post","type-post","status-publish","format-standard","has-post-thumbnail","hentry","category-zoonosis","tag-altagraciadeorituco","tag-guarico","tag-webdealta",""],"jetpack_publicize_connections":[],"jetpack_featured_media_url":"https:\/\/webdealta.info\/wp-content\/uploads\/2023\/01\/calles-de-Altagracia-webdealta.jpg","jetpack_sharing_enabled":true,"jetpack_likes_enabled":true,"jetpack-related-posts":[],"jetpack_shortlink":"https:\/\/wp.me\/pcseDn-1Dr","_links":{"self":[{"href":"https:\/\/webdealta.info\/index.php?rest_route=\/wp\/v2\/posts\/6289","targetHints":{"allow":["GET"]}}],"collection":[{"href":"https:\/\/webdealta.info\/index.php?rest_route=\/wp\/v2\/posts"}],"about":[{"href":"https:\/\/webdealta.info\/index.php?rest_route=\/wp\/v2\/types\/post"}],"author":[{"embeddable":true,"href":"https:\/\/webdealta.info\/index.php?rest_route=\/wp\/v2\/users\/2"}],"replies":[{"embeddable":true,"href":"https:\/\/webdealta.info\/index.php?rest_route=%2Fwp%2Fv2%2Fcomments&post=6289"}],"version-history":[{"count":1,"href":"https:\/\/webdealta.info\/index.php?rest_route=\/wp\/v2\/posts\/6289\/revisions"}],"predecessor-version":[{"id":6291,"href":"https:\/\/webdealta.info\/index.php?rest_route=\/wp\/v2\/posts\/6289\/revisions\/6291"}],"wp:featuredmedia":[{"embeddable":true,"href":"https:\/\/webdealta.info\/index.php?rest_route=\/wp\/v2\/media\/6290"}],"wp:attachment":[{"href":"https:\/\/webdealta.info\/index.php?rest_route=%2Fwp%2Fv2%2Fmedia&parent=6289"}],"wp:term":[{"taxonomy":"category","embeddable":true,"href":"https:\/\/webdealta.info\/index.php?rest_route=%2Fwp%2Fv2%2Fcategories&post=6289"},{"taxonomy":"post_tag","embeddable":true,"href":"https:\/\/webdealta.info\/index.php?rest_route=%2Fwp%2Fv2%2Ftags&post=6289"}],"curies":[{"name":"wp","href":"https:\/\/api.w.org\/{rel}","templated":true}]}}