{"id":6285,"date":"2023-01-17T20:48:56","date_gmt":"2023-01-18T00:48:56","guid":{"rendered":"https:\/\/webdealta.info\/?p=6285"},"modified":"2023-01-17T20:48:57","modified_gmt":"2023-01-18T00:48:57","slug":"fundacion-dr-pedro-maria-arevalo-ofrece-talleres-de-arte-y-emprendimiento","status":"publish","type":"post","link":"https:\/\/webdealta.info\/?p=6285","title":{"rendered":"Fundaci\u00f3n Dr. Pedro Mar\u00eda Ar\u00e9valo ofrece talleres de arte y emprendimiento \u00a0"},"content":{"rendered":"\n<p>Amanda Saldivia.-<\/p>\n\n\n\n<p>Un nuevo ciclo de talleres ofrece la Fundaci\u00f3n Dr. Pedro Mar\u00eda Ar\u00e9valo de Altagracia de Orituco, como parte de la programaci\u00f3n del primer trimestre de 2023, con miras a fomentar la creatividad, el emprendimiento y el dominio de las matem\u00e1ticas.<\/p>\n\n\n\n<p>La informaci\u00f3n fue difundida en el programa Tiempo de Cambios de este martes 17 de enero, espacio que se transmite a trav\u00e9s de la emisora Activa 104.9 FM de Altagracia de Orituco, en el cual participaron Vicki P\u00e9rez Pe\u00f1alver (Vocal), y Eduardo Adames (Primer vicepresidente), de la citada fundaci\u00f3n.<\/p>\n\n\n\n<p>Durante el desarrollo del programa, anunciaron que est\u00e1n abiertas las inscripciones para los talleres de Dibujo Inicial, Modelado en Arcilla, Pintura (rostros), y tallado de madera, actividades que se har\u00e1n en los horarios vespertinos de lunes a viernes.<\/p>\n\n\n\n<p>En el \u00e1rea de emprendimiento, habr\u00e1 talleres de elaboraci\u00f3n de Brazo Orituque\u00f1o (gitano), Vino Artesanal, Cacaoter\u00eda y derivados l\u00e1cteos, entre ellos queso llanero, yogurt, natilla y suero, dictado por V\u00edctor Guaita, amplio conocedor de ese ramo.<\/p>\n\n\n\n<p>Adicionalmente, dictar\u00e1n un curso de ajedrez, con la proyecci\u00f3n de fundar el club de esa instituci\u00f3n, as\u00ed como tambi\u00e9n fomentar\u00e1n la ense\u00f1anza de las matem\u00e1ticas, para que sea una actividad permanente en los espacios de la fundaci\u00f3n.<\/p>\n\n\n\n<p>@amandasaldivia   <\/p>\n\n\n\n<p><\/p>\n","protected":false},"excerpt":{"rendered":"<p>Amanda Saldivia.- Un nuevo ciclo de talleres ofrece la Fundaci\u00f3n Dr. Pedro Mar\u00eda Ar\u00e9valo de Altagracia de Orituco, como parte de la programaci\u00f3n del primer trimestre de 2023, con miras a fomentar la creatividad, el emprendimiento y el dominio de las matem\u00e1ticas. La informaci\u00f3n fue difundida en el programa Tiempo<\/p>\n","protected":false},"author":2,"featured_media":6286,"comment_status":"open","ping_status":"open","sticky":false,"template":"","format":"standard","meta":{"advanced_seo_description":"","jetpack_seo_html_title":"","jetpack_seo_noindex":false,"_jetpack_memberships_contains_paid_content":false,"footnotes":"","jetpack_publicize_message":"","jetpack_publicize_feature_enabled":true,"jetpack_social_post_already_shared":true,"jetpack_social_options":{"image_generator_settings":{"template":"highway","enabled":false},"version":2}},"categories":[151],"tags":[8,7,32],"class_list":["post-6285","post","type-post","status-publish","format-standard","has-post-thumbnail","hentry","category-educacion","tag-altagraciadeorituco","tag-guarico","tag-webdealta",""],"jetpack_publicize_connections":[],"jetpack_featured_media_url":"https:\/\/webdealta.info\/wp-content\/uploads\/2023\/01\/fundacion-Dr.-Pedro-Maria-Arevalo-webdealta.png","jetpack_sharing_enabled":true,"jetpack_likes_enabled":true,"jetpack-related-posts":[],"jetpack_shortlink":"https:\/\/wp.me\/pcseDn-1Dn","_links":{"self":[{"href":"https:\/\/webdealta.info\/index.php?rest_route=\/wp\/v2\/posts\/6285","targetHints":{"allow":["GET"]}}],"collection":[{"href":"https:\/\/webdealta.info\/index.php?rest_route=\/wp\/v2\/posts"}],"about":[{"href":"https:\/\/webdealta.info\/index.php?rest_route=\/wp\/v2\/types\/post"}],"author":[{"embeddable":true,"href":"https:\/\/webdealta.info\/index.php?rest_route=\/wp\/v2\/users\/2"}],"replies":[{"embeddable":true,"href":"https:\/\/webdealta.info\/index.php?rest_route=%2Fwp%2Fv2%2Fcomments&post=6285"}],"version-history":[{"count":1,"href":"https:\/\/webdealta.info\/index.php?rest_route=\/wp\/v2\/posts\/6285\/revisions"}],"predecessor-version":[{"id":6287,"href":"https:\/\/webdealta.info\/index.php?rest_route=\/wp\/v2\/posts\/6285\/revisions\/6287"}],"wp:featuredmedia":[{"embeddable":true,"href":"https:\/\/webdealta.info\/index.php?rest_route=\/wp\/v2\/media\/6286"}],"wp:attachment":[{"href":"https:\/\/webdealta.info\/index.php?rest_route=%2Fwp%2Fv2%2Fmedia&parent=6285"}],"wp:term":[{"taxonomy":"category","embeddable":true,"href":"https:\/\/webdealta.info\/index.php?rest_route=%2Fwp%2Fv2%2Fcategories&post=6285"},{"taxonomy":"post_tag","embeddable":true,"href":"https:\/\/webdealta.info\/index.php?rest_route=%2Fwp%2Fv2%2Ftags&post=6285"}],"curies":[{"name":"wp","href":"https:\/\/api.w.org\/{rel}","templated":true}]}}