{"id":626,"date":"2020-11-05T23:57:09","date_gmt":"2020-11-06T03:57:09","guid":{"rendered":"https:\/\/webdealta.info\/?p=626"},"modified":"2020-11-05T23:57:11","modified_gmt":"2020-11-06T03:57:11","slug":"unidos-a-la-campana-pro-fondos","status":"publish","type":"post","link":"https:\/\/webdealta.info\/?p=626","title":{"rendered":"Unidos a la campa\u00f1a pro fondos"},"content":{"rendered":"\n<h4 class=\"wp-block-heading\">En asamblea vecinos de Vista Alegre, San Jos\u00e9, Tricentenario I, II, III y IV acordaron nombrar comisiones para impulsar la iniciativa casa por casa<\/h4>\n\n\n\n<p>Amanda Saldivia<\/p>\n\n\n\n<figure class=\"wp-block-image size-large\"><img loading=\"lazy\" decoding=\"async\" width=\"1024\" height=\"546\" src=\"https:\/\/webdealta.info\/wp-content\/uploads\/2020\/11\/asamblea-2-1024x546.jpeg\" alt=\"\" class=\"wp-image-627\" srcset=\"https:\/\/webdealta.info\/wp-content\/uploads\/2020\/11\/asamblea-2.jpeg 1024w, https:\/\/webdealta.info\/wp-content\/uploads\/2020\/11\/asamblea-2.jpeg 300w, https:\/\/webdealta.info\/wp-content\/uploads\/2020\/11\/asamblea-2.jpeg 768w, https:\/\/webdealta.info\/wp-content\/uploads\/2020\/11\/asamblea-2.jpeg 1170w, https:\/\/webdealta.info\/wp-content\/uploads\/2020\/11\/asamblea-2.jpeg 1500w, https:\/\/webdealta.info\/wp-content\/uploads\/2020\/11\/asamblea-2.jpeg 1280w\" sizes=\"auto, (max-width: 640px) 100vw, 640px\" \/><\/figure>\n\n\n\n<p>Ciudadanos de las comunidades de Vista Alegre, San Jos\u00e9, Tricentenario I, II, III y IV asistieron a la asamblea convocada por Yolivares Infante, a los fines de recibir a la comisi\u00f3n que promociona la campa\u00f1a para lograr los fondos que permitan reparar el motor de la toma flotante.<\/p>\n\n\n\n<p>El encuentro fue en la tarde de este jueves 5 de noviembre a las afueras de la E.B.B Orituco y la intenci\u00f3n fue conocer de primera mano lo que motiv\u00f3 la iniciativa, detalles de las gestiones emprendidas, presupuesto e integrarse a las actividades que se programen para alcanzar la meta.<\/p>\n\n\n\n<p>Por la comisi\u00f3n asisti\u00f3 Marisela D\u00b4Angelis, Elisenda Tovar, Amparo Ballesteros, Amarilis Bandres, William Fourneau y la redactora de esta nota. Cada uno tom\u00f3 la palabra para explicar por qu\u00e9 es importante que el sistema de bombeo funcione, ya que de \u00e9l depende la cantidad y las condiciones del agua que se potabiliza en la planta de tratamiento Chapaiguana.<\/p>\n\n\n\n<p>Entre los compromisos est\u00e1 que representantes de esas comunidades nombrar\u00e1n comisiones para impulsar la campa\u00f1a pro fondos casa por casa, adem\u00e1s se unir\u00e1n a la jornada que se realizar\u00e1 este s\u00e1bado 7 de noviembre en el sector Saladillo y otros puntos de la calle Ilustres Pr\u00f3ceres, en los cuales se establecer\u00e1n puntos de venta para captar el aporte de los ciudadanos.<\/p>\n\n\n\n<p>@amandasaldivia<\/p>\n","protected":false},"excerpt":{"rendered":"<p>En asamblea vecinos de Vista Alegre, San Jos\u00e9, Tricentenario I, II, III y IV acordaron nombrar comisiones para impulsar la iniciativa casa por casa Amanda Saldivia Ciudadanos de las comunidades de Vista Alegre, San Jos\u00e9, Tricentenario I, II, III y IV asistieron a la asamblea convocada por Yolivares Infante, a<\/p>\n","protected":false},"author":2,"featured_media":0,"comment_status":"open","ping_status":"open","sticky":false,"template":"","format":"standard","meta":{"advanced_seo_description":"","jetpack_seo_html_title":"","jetpack_seo_noindex":false,"_jetpack_memberships_contains_paid_content":false,"footnotes":"","jetpack_publicize_message":"","jetpack_publicize_feature_enabled":true,"jetpack_social_post_already_shared":true,"jetpack_social_options":{"image_generator_settings":{"template":"highway","enabled":false},"version":2}},"categories":[47],"tags":[48,24,32],"class_list":["post-626","post","type-post","status-publish","format-standard","hentry","category-campana-pro-fondos","tag-aguapotable","tag-altagracia","tag-webdealta",""],"jetpack_publicize_connections":[],"jetpack_featured_media_url":"","jetpack_sharing_enabled":true,"jetpack_likes_enabled":true,"jetpack-related-posts":[],"jetpack_shortlink":"https:\/\/wp.me\/pcseDn-a6","_links":{"self":[{"href":"https:\/\/webdealta.info\/index.php?rest_route=\/wp\/v2\/posts\/626","targetHints":{"allow":["GET"]}}],"collection":[{"href":"https:\/\/webdealta.info\/index.php?rest_route=\/wp\/v2\/posts"}],"about":[{"href":"https:\/\/webdealta.info\/index.php?rest_route=\/wp\/v2\/types\/post"}],"author":[{"embeddable":true,"href":"https:\/\/webdealta.info\/index.php?rest_route=\/wp\/v2\/users\/2"}],"replies":[{"embeddable":true,"href":"https:\/\/webdealta.info\/index.php?rest_route=%2Fwp%2Fv2%2Fcomments&post=626"}],"version-history":[{"count":1,"href":"https:\/\/webdealta.info\/index.php?rest_route=\/wp\/v2\/posts\/626\/revisions"}],"predecessor-version":[{"id":629,"href":"https:\/\/webdealta.info\/index.php?rest_route=\/wp\/v2\/posts\/626\/revisions\/629"}],"wp:attachment":[{"href":"https:\/\/webdealta.info\/index.php?rest_route=%2Fwp%2Fv2%2Fmedia&parent=626"}],"wp:term":[{"taxonomy":"category","embeddable":true,"href":"https:\/\/webdealta.info\/index.php?rest_route=%2Fwp%2Fv2%2Fcategories&post=626"},{"taxonomy":"post_tag","embeddable":true,"href":"https:\/\/webdealta.info\/index.php?rest_route=%2Fwp%2Fv2%2Ftags&post=626"}],"curies":[{"name":"wp","href":"https:\/\/api.w.org\/{rel}","templated":true}]}}