{"id":6227,"date":"2023-01-16T20:58:29","date_gmt":"2023-01-17T00:58:29","guid":{"rendered":"https:\/\/webdealta.info\/?p=6227"},"modified":"2023-01-16T20:58:30","modified_gmt":"2023-01-17T00:58:30","slug":"16ene-docentes-siguen-en-las-calles-de-altagracia","status":"publish","type":"post","link":"https:\/\/webdealta.info\/?p=6227","title":{"rendered":"16Ene: Docentes siguen en las calles de Altagracia"},"content":{"rendered":"\n<p>Amanda Saldivia.-<\/p>\n\n\n\n<p>Con una concentraci\u00f3n y posterior caminata, desde la calle Ilustres Pr\u00f3ceres hasta la plaza Bol\u00edvar de Altagracia de Orituco, transcurri\u00f3 la jornada de protesta de los educadores este lunes 16 de enero, en el cual nuevamente la participaci\u00f3n fue numerosa de docentes activos y jubilados.<\/p>\n\n\n\n<p>Durante la concentraci\u00f3n hubo diferentes voceros del gremio educativo, entre ellos el profesor Ram\u00f3n Morfe, quien record\u00f3 el proceso de lucha de los docentes a partir del a\u00f1o 1932 hasta concretar la conformaci\u00f3n de la Sociedad Venezolana de Maestros de Instrucci\u00f3n Primaria, fecha que es ahora recordada como el D\u00eda del Maestro, los 15 de enero, desde 1945.<\/p>\n\n\n\n<p>Para el profesor Morfe fue un proceso glorioso del pasado y celebr\u00f3 que nuevamente est\u00e9n en las calles en reclamo de justas reivindicaciones, tal como lo hicieron aquellos docentes en el a\u00f1o 1932, en plena dictadura gomecista.<\/p>\n\n\n\n<p>Por otra parte, la profesora Mireya Guzm\u00e1n de Pineda, representante municipal de la Federaci\u00f3n Venezolana de Maestros, expres\u00f3 su descontento con el salario que devengan, porque \u201clo recibimos en la ma\u00f1ana y ya en la tarde no tenemos que comprar, los docentes estamos en miseria, cuando debemos ser las personas m\u00e1s importantes de la sociedad\u201d.<\/p>\n\n\n\n<p>Al respecto, dijo que son los docentes quienes forman a los profesionales del pa\u00eds, pero ahora \u00e9stos no tienen ni como vestirse adecuadamente para acudir a las aulas y dar el ejemplo a sus estudiantes.    <\/p>\n\n\n\n<p>@amandasaldivia    <\/p>\n\n\n\n<p><\/p>\n","protected":false},"excerpt":{"rendered":"<p>Amanda Saldivia.- Con una concentraci\u00f3n y posterior caminata, desde la calle Ilustres Pr\u00f3ceres hasta la plaza Bol\u00edvar de Altagracia de Orituco, transcurri\u00f3 la jornada de protesta de los educadores este lunes 16 de enero, en el cual nuevamente la participaci\u00f3n fue numerosa de docentes activos y jubilados. Durante la concentraci\u00f3n<\/p>\n","protected":false},"author":2,"featured_media":6228,"comment_status":"open","ping_status":"open","sticky":false,"template":"","format":"standard","meta":{"advanced_seo_description":"","jetpack_seo_html_title":"","jetpack_seo_noindex":false,"_jetpack_memberships_contains_paid_content":false,"footnotes":"","jetpack_publicize_message":"","jetpack_publicize_feature_enabled":true,"jetpack_social_post_already_shared":true,"jetpack_social_options":{"image_generator_settings":{"template":"highway","enabled":false},"version":2}},"categories":[14],"tags":[8,7,32],"class_list":["post-6227","post","type-post","status-publish","format-standard","has-post-thumbnail","hentry","category-protesta","tag-altagraciadeorituco","tag-guarico","tag-webdealta",""],"jetpack_publicize_connections":[],"jetpack_featured_media_url":"https:\/\/webdealta.info\/wp-content\/uploads\/2023\/01\/protesta-16-de-enero-webdealta.jpg","jetpack_sharing_enabled":true,"jetpack_likes_enabled":true,"jetpack-related-posts":[],"jetpack_shortlink":"https:\/\/wp.me\/pcseDn-1Cr","_links":{"self":[{"href":"https:\/\/webdealta.info\/index.php?rest_route=\/wp\/v2\/posts\/6227","targetHints":{"allow":["GET"]}}],"collection":[{"href":"https:\/\/webdealta.info\/index.php?rest_route=\/wp\/v2\/posts"}],"about":[{"href":"https:\/\/webdealta.info\/index.php?rest_route=\/wp\/v2\/types\/post"}],"author":[{"embeddable":true,"href":"https:\/\/webdealta.info\/index.php?rest_route=\/wp\/v2\/users\/2"}],"replies":[{"embeddable":true,"href":"https:\/\/webdealta.info\/index.php?rest_route=%2Fwp%2Fv2%2Fcomments&post=6227"}],"version-history":[{"count":1,"href":"https:\/\/webdealta.info\/index.php?rest_route=\/wp\/v2\/posts\/6227\/revisions"}],"predecessor-version":[{"id":6229,"href":"https:\/\/webdealta.info\/index.php?rest_route=\/wp\/v2\/posts\/6227\/revisions\/6229"}],"wp:featuredmedia":[{"embeddable":true,"href":"https:\/\/webdealta.info\/index.php?rest_route=\/wp\/v2\/media\/6228"}],"wp:attachment":[{"href":"https:\/\/webdealta.info\/index.php?rest_route=%2Fwp%2Fv2%2Fmedia&parent=6227"}],"wp:term":[{"taxonomy":"category","embeddable":true,"href":"https:\/\/webdealta.info\/index.php?rest_route=%2Fwp%2Fv2%2Fcategories&post=6227"},{"taxonomy":"post_tag","embeddable":true,"href":"https:\/\/webdealta.info\/index.php?rest_route=%2Fwp%2Fv2%2Ftags&post=6227"}],"curies":[{"name":"wp","href":"https:\/\/api.w.org\/{rel}","templated":true}]}}