{"id":622,"date":"2020-11-05T23:22:24","date_gmt":"2020-11-06T03:22:24","guid":{"rendered":"https:\/\/webdealta.info\/?p=622"},"modified":"2020-11-05T23:22:26","modified_gmt":"2020-11-06T03:22:26","slug":"el-15-de-noviembre-reabren-templos","status":"publish","type":"post","link":"https:\/\/webdealta.info\/?p=622","title":{"rendered":"El 15 de noviembre reabren templos"},"content":{"rendered":"\n<h4 class=\"wp-block-heading\">Di\u00f3cesis de Valle de la Pascua emite comunicado sobre las medidas que se adoptar\u00e1n<\/h4>\n\n\n\n<p>Amanda Saldivia<\/p>\n\n\n\n<p>Mediante un comunicado la Di\u00f3cesis de Valle de la Pascua inform\u00f3 que el 15 de noviembre reabrir\u00e1n los templos, de acuerdo a las recomendaciones emanadas por la Conferencia Episcopal Venezolana.<\/p>\n\n\n\n<p>En el comunicado, firmado por Monse\u00f1or Ram\u00f3n Jos\u00e9 Aponte, Obispo de la Di\u00f3cesis de Valle de la Pascua, se puede leer que la iglesia \u201clejos de pretender un desbordamiento de masas, que solo acentuar\u00e1n el problema, abrimos camino a la consolidaci\u00f3n de la fe desde un horizonte con calor familiar y fraternal\u201d, de all\u00ed que seguir\u00e1n las medidas de bioseguridad \u00a0y permitir\u00e1n el aforo del 40 por ciento.<\/p>\n\n\n\n<p>A continuaci\u00f3n el texto completo:<\/p>\n\n\n\n<p>Comunicado<\/p>\n\n\n\n<p>Reapertura de los templos en la Di\u00f3cesis de Valle de la Pascua.<\/p>\n\n\n\n<p>A los Sacerdotes, Religiosas y Fieles en general: \u201cque todo se haga en forma digna y ordenada\u201d(1 Corintios 14,40) La Iglesia, que en su coraz\u00f3n de madre s\u00f3lo consigue la paz teniendo a sus hijos a salvo, responde a las necesidades contempor\u00e1neas a modo de maestra, que ense\u00f1a con el ejemplo. Lejos de pretender un desbordamiento de masas, que s\u00f3lo acentuar\u00e1n el problema, abrimos camino a la consolidaci\u00f3n de la fe desde un horizonte con calor familiar y fraternal. Es preciso hacer notar, ante todo, que la fe cristiana no est\u00e1 desvinculada de la realidad humana, antes bien, se hace una con ella y se levanta con el hombre ante sus retos y amenazas, con la bandera de la responsabilidad y la caridad, pues esta batalla no se vence con palabras sino con la acci\u00f3n y la cooperaci\u00f3n de todos. En este sentido, siguiendo las recomendaciones emanadas por la Conferencia Episcopal Venezolana, que invita a cada Obispo indicar el tiempo y las normativas correspondientes al reinicio de celebraci\u00f3n del culto p\u00fablico de la fe; y conjuntamente con las disposiciones anunciadas por las autoridades sanitarias competentes; se establecen los siguientes lineamientos para la reapertura de los templos en la Di\u00f3cesis de Valle de la Pascua:<\/p>\n\n\n\n<p><img loading=\"lazy\" decoding=\"async\" width=\"16\" height=\"16\" src=\"\" alt=\"\u25aa\ufe0f\">Con el objetivo de adecuar los templos seg\u00fan las normativas de Bioseguridad, y de establecer y formar en cada comunidad parroquial un \u201cequipo de log\u00edstica\u201d para la acogida de los fieles; la apertura de los templos se realizar\u00e1 el domingo 15 de noviembre.<\/p>\n\n\n\n<p><img loading=\"lazy\" decoding=\"async\" width=\"16\" height=\"16\" src=\"\" alt=\"\u25aa\ufe0f\">El esquema de apertura responder\u00e1 al sistema de flexibilizaci\u00f3n denominado 7&#215;7.<\/p>\n\n\n\n<p><img loading=\"lazy\" decoding=\"async\" width=\"16\" height=\"16\" src=\"\" alt=\"\u25aa\ufe0f\">Los templos s\u00f3lo podr\u00e1n acoger el 40% del aforo, una vez alcanzado este l\u00edmite, el \u201cequipo de log\u00edstica\u201d no permitir\u00e1 el ingreso al templo de m\u00e1s personas.<\/p>\n\n\n\n<p><img loading=\"lazy\" decoding=\"async\" width=\"16\" height=\"16\" src=\"\" alt=\"\u25aa\ufe0f\">Para la celebraci\u00f3n del culto se deber\u00e1 privilegiar los espacios abiertos.<\/p>\n\n\n\n<p><img loading=\"lazy\" decoding=\"async\" width=\"16\" height=\"16\" src=\"\" alt=\"\u25aa\ufe0f\">Los asientos deben estar se\u00f1alizados con una distancia 1,5 mts entre los puestos utilizables y no habr\u00e1 personas de pie, salvo el \u201cequipo de log\u00edstica\u201d.<\/p>\n\n\n\n<p><img loading=\"lazy\" decoding=\"async\" width=\"16\" height=\"16\" src=\"\" alt=\"\u25aa\ufe0f\">El \u201cequipo de log\u00edstica\u201d ser\u00e1 el personal capacitado sobre las medidas de prevenci\u00f3n de contagio del Covid-19, que asistir\u00e1n a los feligreses en la entrada del templo.<\/p>\n\n\n\n<p><img loading=\"lazy\" decoding=\"async\" width=\"16\" height=\"16\" src=\"\" alt=\"\u25aa\ufe0f\">Toda persona que ingrese en el templo deber\u00e1 usar obligatoriamente tapaboca y desinfectarse las manos con alguna soluci\u00f3n apropiada (Gel anti-bacterial, alcohol o soluci\u00f3n jabonosa).<\/p>\n\n\n\n<p><img loading=\"lazy\" decoding=\"async\" width=\"16\" height=\"16\" src=\"\" alt=\"\u25aa\ufe0f\">Aquellas personas que presenten s\u00edntomas gripales, malestar general, dificultad respiratoria o fiebre, deben abstenerse de asistir a los templos.<\/p>\n\n\n\n<p><img loading=\"lazy\" decoding=\"async\" width=\"16\" height=\"16\" src=\"\" alt=\"\u25aa\ufe0f\">Las puertas y ventanas del templo deber\u00e1n estar abiertas antes y durante la celebraci\u00f3n.<\/p>\n\n\n\n<p><img loading=\"lazy\" decoding=\"async\" width=\"16\" height=\"16\" src=\"\" alt=\"\u25aa\ufe0f\">Se evitar\u00e1 el contacto con las superficies como los reclinatorios e im\u00e1genes.<\/p>\n\n\n\n<p><img loading=\"lazy\" decoding=\"async\" width=\"16\" height=\"16\" src=\"\" alt=\"\u25aa\ufe0f\">Las celebraciones lit\u00fargicas no podr\u00e1n exceder los 45 minutos, incluyendo la homil\u00eda.<\/p>\n\n\n\n<p><img loading=\"lazy\" decoding=\"async\" width=\"16\" height=\"16\" src=\"\" alt=\"\u25aa\ufe0f\">La Sagrada Comuni\u00f3n se dar\u00e1 en la mano y al momento de comulgar se har\u00e1 una sola fila, manteniendo la distancia prudencial de 1.5mts. El ministro deber\u00e1 desinfectarse las manos antes y despu\u00e9s de la distribuci\u00f3n de la comuni\u00f3n.<\/p>\n\n\n\n<p><img loading=\"lazy\" decoding=\"async\" width=\"16\" height=\"16\" src=\"\" alt=\"\u25aa\ufe0f\">El material lit\u00fargico, micr\u00f3fonos y otros elementos de uso com\u00fan deber\u00e1n ser desinfectados antes y despu\u00e9s de la celebraci\u00f3n.<\/p>\n\n\n\n<p><img loading=\"lazy\" decoding=\"async\" width=\"16\" height=\"16\" src=\"\" alt=\"\u25aa\ufe0f\">Los ministros del altar, lectores, animadores musicales y otros, ser\u00e1n reducidos al menor n\u00famero posible<\/p>\n\n\n\n<p><img loading=\"lazy\" decoding=\"async\" width=\"16\" height=\"16\" src=\"\" alt=\"\u25aa\ufe0f\">No se permitir\u00e1 procesi\u00f3n de ofertorio. Las ofrendas y colectas ser\u00e1n depositadas a las puertas de los templos en cestas previamente dispuestas. De igual manera, se colocar\u00e1 la informaci\u00f3n de los datos bancarios, promoviendo la colaboraci\u00f3n y el mantenimiento del culto.<\/p>\n\n\n\n<p><img loading=\"lazy\" decoding=\"async\" width=\"16\" height=\"16\" src=\"\" alt=\"\u25aa\ufe0f\">A las puertas de los templos se publicar\u00e1 las normativas de bioseguridad.<\/p>\n\n\n\n<p><img loading=\"lazy\" decoding=\"async\" width=\"16\" height=\"16\" src=\"\" alt=\"\u25aa\ufe0f\">Terminada la celebraci\u00f3n se realizar\u00e1 la desinfecci\u00f3n del lugar.<\/p>\n\n\n\n<p><img loading=\"lazy\" decoding=\"async\" width=\"16\" height=\"16\" src=\"\" alt=\"\u25aa\ufe0f\">Se insta a seguir de forma privilegiada con la trasmisi\u00f3n de las Eucarist\u00edas por las redes sociales y medios de comunicaci\u00f3n.<\/p>\n\n\n\n<p><img loading=\"lazy\" decoding=\"async\" width=\"16\" height=\"16\" src=\"\" alt=\"\u25aa\ufe0f\">Se pide a los p\u00e1rrocos la lectura y puesta en pr\u00e1ctica del \u201cPROTOCOLO ECLESIAL PARA LA FLEXIBILIZACI\u00d3N DE LA CUARENTENA\u201d, emanado por la Conferencia Episcopal Venezolana el 2 de junio de 2020.<\/p>\n\n\n\n<p><img loading=\"lazy\" decoding=\"async\" width=\"16\" height=\"16\" src=\"\" alt=\"\u25aa\ufe0f\">En referencia a la celebraci\u00f3n del Sacramento del Bautismo, se podr\u00e1 celebrar un m\u00e1ximo de 3 bautizos, con la asistencia de 5 personas por bautizado (el ni\u00f1o o la ni\u00f1a, los padres y dos padrinos).<\/p>\n\n\n\n<p><img loading=\"lazy\" decoding=\"async\" width=\"16\" height=\"16\" src=\"\" alt=\"\u25aa\ufe0f\">Estos lineamientos estar\u00e1n sujetos a modificaci\u00f3n de acuerdo a la realidad y a la oportuna evaluaci\u00f3n de la comisi\u00f3n diocesana y de los expertos. Cualquier otra duda que pudiese surgir al respecto, consultarla con el<\/p>\n\n\n\n<p>Obispo Diocesano.<\/p>\n\n\n\n<p>Como pastores del Pueblo Santo de Dios, debemos velar por el bien integral de cada persona que se nos ha encomendado; por tal motivo, el cumplimiento fiel de las normativas de bioseguridad permitir\u00e1 un retorno con cierta normalidad y confianza a la celebraci\u00f3n de los misterios de nuestra fe.<\/p>\n\n\n\n<p>Dado en la Curia Diocesana de Valle de la Pascua, el 05 de Noviembre de 2020<\/p>\n\n\n\n<p>Con mi afectuosa bendici\u00f3n episcopal.<\/p>\n\n\n\n<p>Mons. Ram\u00f3n J. Aponte F.<\/p>\n\n\n\n<p>Obispo de la Di\u00f3cesis de Valle de la Pascua<\/p>\n\n\n\n<p><\/p>\n\n\n\n<p><\/p>\n","protected":false},"excerpt":{"rendered":"<p>Di\u00f3cesis de Valle de la Pascua emite comunicado sobre las medidas que se adoptar\u00e1n Amanda Saldivia Mediante un comunicado la Di\u00f3cesis de Valle de la Pascua inform\u00f3 que el 15 de noviembre reabrir\u00e1n los templos, de acuerdo a las recomendaciones emanadas por la Conferencia Episcopal Venezolana. En el comunicado, firmado<\/p>\n","protected":false},"author":2,"featured_media":623,"comment_status":"open","ping_status":"open","sticky":false,"template":"","format":"standard","meta":{"advanced_seo_description":"","jetpack_seo_html_title":"","jetpack_seo_noindex":false,"_jetpack_memberships_contains_paid_content":false,"footnotes":"","jetpack_publicize_message":"","jetpack_publicize_feature_enabled":true,"jetpack_social_post_already_shared":true,"jetpack_social_options":{"image_generator_settings":{"template":"highway","enabled":false},"version":2}},"categories":[42],"tags":[24,32],"class_list":["post-622","post","type-post","status-publish","format-standard","has-post-thumbnail","hentry","category-iglesia-catolica","tag-altagracia","tag-webdealta",""],"jetpack_publicize_connections":[],"jetpack_featured_media_url":"https:\/\/webdealta.info\/wp-content\/uploads\/2020\/11\/iglesia-1.jpg","jetpack_sharing_enabled":true,"jetpack_likes_enabled":true,"jetpack-related-posts":[],"jetpack_shortlink":"https:\/\/wp.me\/pcseDn-a2","_links":{"self":[{"href":"https:\/\/webdealta.info\/index.php?rest_route=\/wp\/v2\/posts\/622","targetHints":{"allow":["GET"]}}],"collection":[{"href":"https:\/\/webdealta.info\/index.php?rest_route=\/wp\/v2\/posts"}],"about":[{"href":"https:\/\/webdealta.info\/index.php?rest_route=\/wp\/v2\/types\/post"}],"author":[{"embeddable":true,"href":"https:\/\/webdealta.info\/index.php?rest_route=\/wp\/v2\/users\/2"}],"replies":[{"embeddable":true,"href":"https:\/\/webdealta.info\/index.php?rest_route=%2Fwp%2Fv2%2Fcomments&post=622"}],"version-history":[{"count":1,"href":"https:\/\/webdealta.info\/index.php?rest_route=\/wp\/v2\/posts\/622\/revisions"}],"predecessor-version":[{"id":624,"href":"https:\/\/webdealta.info\/index.php?rest_route=\/wp\/v2\/posts\/622\/revisions\/624"}],"wp:featuredmedia":[{"embeddable":true,"href":"https:\/\/webdealta.info\/index.php?rest_route=\/wp\/v2\/media\/623"}],"wp:attachment":[{"href":"https:\/\/webdealta.info\/index.php?rest_route=%2Fwp%2Fv2%2Fmedia&parent=622"}],"wp:term":[{"taxonomy":"category","embeddable":true,"href":"https:\/\/webdealta.info\/index.php?rest_route=%2Fwp%2Fv2%2Fcategories&post=622"},{"taxonomy":"post_tag","embeddable":true,"href":"https:\/\/webdealta.info\/index.php?rest_route=%2Fwp%2Fv2%2Ftags&post=622"}],"curies":[{"name":"wp","href":"https:\/\/api.w.org\/{rel}","templated":true}]}}