{"id":6218,"date":"2023-01-15T15:31:02","date_gmt":"2023-01-15T19:31:02","guid":{"rendered":"https:\/\/webdealta.info\/?p=6218"},"modified":"2023-01-15T15:31:03","modified_gmt":"2023-01-15T19:31:03","slug":"maestros-a-la-calle-bono-depositado-no-frenara-protestas","status":"publish","type":"post","link":"https:\/\/webdealta.info\/?p=6218","title":{"rendered":"Maestros a la calle: bono depositado no frenar\u00e1 protestas"},"content":{"rendered":"\n<p>Amanda Saldivia.-<\/p>\n\n\n\n<p>\u201cNo queremos bono como salario\u201d fue la expresi\u00f3n de Eichler Hern\u00e1ndez, Secretario Ejecutivo de Sinteg Gu\u00e1rico, adscrito a Fetraense\u00f1anza, al referirse al dep\u00f3sito que por medio del sistema Patria realiz\u00f3 el gobierno nacional, este domingo 15 de enero, a todos los educadores del pa\u00eds, en el marco del D\u00eda del Maestro.<\/p>\n\n\n\n<p>Aprovech\u00f3 el contacto con la Web de Altagracia para felicitar a sus colegas, al tiempo que reiter\u00f3 que la protesta acordada para este lunes 16 de enero, en la llamada esquina caliente de Altagracia de Orituco, se har\u00e1 de acuerdo a lo pautado, es decir a partir de las 9:00 am.<\/p>\n\n\n\n<p>\u201cLa actividad de protesta nacional es por un mejor salario y por el III Contrato Colectivo que tiene m\u00e1s de un a\u00f1o discuti\u00e9ndose y no lo han terminado de firmar, esto representa una burla, ya que los docentes no pueden cumplir con su vocaci\u00f3n o su trabajo con un salario a p\u00e9rdida\u201d, argument\u00f3 Hern\u00e1ndez.<\/p>\n\n\n\n<p>Respecto al bono, dijo que no es la soluci\u00f3n del problema, porque no tiene incidencia y al no estar contemplado en el presupuesto de la naci\u00f3n traer\u00e1 m\u00e1s inflaci\u00f3n.<\/p>\n\n\n\n<p>Por su parte, Leticia Bencomo, educadora jubilada y de amplia trayectoria de lucha gremial tambi\u00e9n expres\u00f3 su inconformidad, motivo por el cual consider\u00f3 que \u201cel bono es una trampa caza bobos\u201d y lo que quieren los docentes \u201cson sueldos dignos para mantenernos nosotros y a nuestra familia, que no se diluyan de la ma\u00f1ana para la tarde, es nuestro derecho, vivir con dignidad y morir dignamente sin tener que acudir a la caridad\u201d.<\/p>\n\n\n\n<p>@amandasaldivia    <\/p>\n\n\n\n<p><\/p>\n","protected":false},"excerpt":{"rendered":"<p>Amanda Saldivia.- \u201cNo queremos bono como salario\u201d fue la expresi\u00f3n de Eichler Hern\u00e1ndez, Secretario Ejecutivo de Sinteg Gu\u00e1rico, adscrito a Fetraense\u00f1anza, al referirse al dep\u00f3sito que por medio del sistema Patria realiz\u00f3 el gobierno nacional, este domingo 15 de enero, a todos los educadores del pa\u00eds, en el marco del<\/p>\n","protected":false},"author":2,"featured_media":6219,"comment_status":"open","ping_status":"open","sticky":false,"template":"","format":"standard","meta":{"advanced_seo_description":"","jetpack_seo_html_title":"","jetpack_seo_noindex":false,"_jetpack_memberships_contains_paid_content":false,"footnotes":"","jetpack_publicize_message":"","jetpack_publicize_feature_enabled":true,"jetpack_social_post_already_shared":true,"jetpack_social_options":{"image_generator_settings":{"template":"highway","enabled":false},"version":2}},"categories":[14],"tags":[8,7,32],"class_list":["post-6218","post","type-post","status-publish","format-standard","has-post-thumbnail","hentry","category-protesta","tag-altagraciadeorituco","tag-guarico","tag-webdealta",""],"jetpack_publicize_connections":[],"jetpack_featured_media_url":"https:\/\/webdealta.info\/wp-content\/uploads\/2023\/01\/lunes-16-de-enero-protesta-webdealta-educadores.png","jetpack_sharing_enabled":true,"jetpack_likes_enabled":true,"jetpack-related-posts":[],"jetpack_shortlink":"https:\/\/wp.me\/pcseDn-1Ci","_links":{"self":[{"href":"https:\/\/webdealta.info\/index.php?rest_route=\/wp\/v2\/posts\/6218","targetHints":{"allow":["GET"]}}],"collection":[{"href":"https:\/\/webdealta.info\/index.php?rest_route=\/wp\/v2\/posts"}],"about":[{"href":"https:\/\/webdealta.info\/index.php?rest_route=\/wp\/v2\/types\/post"}],"author":[{"embeddable":true,"href":"https:\/\/webdealta.info\/index.php?rest_route=\/wp\/v2\/users\/2"}],"replies":[{"embeddable":true,"href":"https:\/\/webdealta.info\/index.php?rest_route=%2Fwp%2Fv2%2Fcomments&post=6218"}],"version-history":[{"count":1,"href":"https:\/\/webdealta.info\/index.php?rest_route=\/wp\/v2\/posts\/6218\/revisions"}],"predecessor-version":[{"id":6220,"href":"https:\/\/webdealta.info\/index.php?rest_route=\/wp\/v2\/posts\/6218\/revisions\/6220"}],"wp:featuredmedia":[{"embeddable":true,"href":"https:\/\/webdealta.info\/index.php?rest_route=\/wp\/v2\/media\/6219"}],"wp:attachment":[{"href":"https:\/\/webdealta.info\/index.php?rest_route=%2Fwp%2Fv2%2Fmedia&parent=6218"}],"wp:term":[{"taxonomy":"category","embeddable":true,"href":"https:\/\/webdealta.info\/index.php?rest_route=%2Fwp%2Fv2%2Fcategories&post=6218"},{"taxonomy":"post_tag","embeddable":true,"href":"https:\/\/webdealta.info\/index.php?rest_route=%2Fwp%2Fv2%2Ftags&post=6218"}],"curies":[{"name":"wp","href":"https:\/\/api.w.org\/{rel}","templated":true}]}}