{"id":6215,"date":"2023-01-12T22:14:49","date_gmt":"2023-01-13T02:14:49","guid":{"rendered":"https:\/\/webdealta.info\/?p=6215"},"modified":"2023-01-12T22:14:50","modified_gmt":"2023-01-13T02:14:50","slug":"ceso-toma-de-la-u-e-luisa-rojas-de-gonzalez-tras-ratificar-al-director","status":"publish","type":"post","link":"https:\/\/webdealta.info\/?p=6215","title":{"rendered":"Ces\u00f3 toma de la U. E. Luisa Rojas de Gonz\u00e1lez tras ratificar al director"},"content":{"rendered":"\n<p>Amanda Saldivia.-<\/p>\n\n\n\n<p>Con la presencia de la Dra. Susana Sayehg, coordinadora de la Red Circuital Monagas y otras autoridades educativas del municipio Monagas, Gu\u00e1rico, ces\u00f3 la acci\u00f3n de toma de la U.E. Luisa Rojas de Gonz\u00e1lez, luego de que comunicaran que fue ratificado en el cargo el profesor Rub\u00e9n Padr\u00f3n, quien asumi\u00f3 la direcci\u00f3n de esa instituci\u00f3n desde el mes de agosto de 2022.<\/p>\n\n\n\n<p>A trav\u00e9s de videos enviados por infociudadanos, se pudo apreciar el momento en que lleg\u00f3 la comisi\u00f3n, conjuntamente con el profesor Padr\u00f3n, a los fines de dar a conocer la decisi\u00f3n de que \u00e9ste retomaba la funci\u00f3n directiva.<\/p>\n\n\n\n<p>En los videos, tambi\u00e9n se evidenci\u00f3 la algarab\u00eda de los presentes al momento de darse el acceso a las instalaciones, las cuales estuvieron tomadas por m\u00e1s de 24 horas, por parte de un grupo de estudiantes de bachillerato. <\/p>\n\n\n\n<p>\u00abLo logramos, lo logramos\u00bb, corearon los estudiantes cuando el profesor Rub\u00e9n Padr\u00f3n ingres\u00f3 a la instituci\u00f3n. En otro de los materiales audiovisuales, se aprecia que hasta hubo caravana en San Rafael de Orituco, en la tarde de este jueves 12 de enero, para celebrar el acontecimiento.<\/p>\n\n\n\n<p>Se esperan otras reuniones en el plantel para afinar detalles administrativos.<\/p>\n\n\n\n<p>@amandasaldivia   <\/p>\n\n\n\n<p><\/p>\n","protected":false},"excerpt":{"rendered":"<p>Amanda Saldivia.- Con la presencia de la Dra. Susana Sayehg, coordinadora de la Red Circuital Monagas y otras autoridades educativas del municipio Monagas, Gu\u00e1rico, ces\u00f3 la acci\u00f3n de toma de la U.E. Luisa Rojas de Gonz\u00e1lez, luego de que comunicaran que fue ratificado en el cargo el profesor Rub\u00e9n Padr\u00f3n,<\/p>\n","protected":false},"author":2,"featured_media":6216,"comment_status":"open","ping_status":"open","sticky":false,"template":"","format":"standard","meta":{"advanced_seo_description":"","jetpack_seo_html_title":"","jetpack_seo_noindex":false,"_jetpack_memberships_contains_paid_content":false,"footnotes":"","jetpack_publicize_message":"","jetpack_publicize_feature_enabled":true,"jetpack_social_post_already_shared":true,"jetpack_social_options":{"image_generator_settings":{"template":"highway","enabled":false},"version":2}},"categories":[151],"tags":[8,7,32],"class_list":["post-6215","post","type-post","status-publish","format-standard","has-post-thumbnail","hentry","category-educacion","tag-altagraciadeorituco","tag-guarico","tag-webdealta",""],"jetpack_publicize_connections":[],"jetpack_featured_media_url":"https:\/\/webdealta.info\/wp-content\/uploads\/2023\/01\/toma-de-escuela-webdealta.png","jetpack_sharing_enabled":true,"jetpack_likes_enabled":true,"jetpack-related-posts":[],"jetpack_shortlink":"https:\/\/wp.me\/pcseDn-1Cf","_links":{"self":[{"href":"https:\/\/webdealta.info\/index.php?rest_route=\/wp\/v2\/posts\/6215","targetHints":{"allow":["GET"]}}],"collection":[{"href":"https:\/\/webdealta.info\/index.php?rest_route=\/wp\/v2\/posts"}],"about":[{"href":"https:\/\/webdealta.info\/index.php?rest_route=\/wp\/v2\/types\/post"}],"author":[{"embeddable":true,"href":"https:\/\/webdealta.info\/index.php?rest_route=\/wp\/v2\/users\/2"}],"replies":[{"embeddable":true,"href":"https:\/\/webdealta.info\/index.php?rest_route=%2Fwp%2Fv2%2Fcomments&post=6215"}],"version-history":[{"count":1,"href":"https:\/\/webdealta.info\/index.php?rest_route=\/wp\/v2\/posts\/6215\/revisions"}],"predecessor-version":[{"id":6217,"href":"https:\/\/webdealta.info\/index.php?rest_route=\/wp\/v2\/posts\/6215\/revisions\/6217"}],"wp:featuredmedia":[{"embeddable":true,"href":"https:\/\/webdealta.info\/index.php?rest_route=\/wp\/v2\/media\/6216"}],"wp:attachment":[{"href":"https:\/\/webdealta.info\/index.php?rest_route=%2Fwp%2Fv2%2Fmedia&parent=6215"}],"wp:term":[{"taxonomy":"category","embeddable":true,"href":"https:\/\/webdealta.info\/index.php?rest_route=%2Fwp%2Fv2%2Fcategories&post=6215"},{"taxonomy":"post_tag","embeddable":true,"href":"https:\/\/webdealta.info\/index.php?rest_route=%2Fwp%2Fv2%2Ftags&post=6215"}],"curies":[{"name":"wp","href":"https:\/\/api.w.org\/{rel}","templated":true}]}}