{"id":6207,"date":"2023-01-12T19:12:21","date_gmt":"2023-01-12T23:12:21","guid":{"rendered":"https:\/\/webdealta.info\/?p=6207"},"modified":"2023-01-12T19:12:22","modified_gmt":"2023-01-12T23:12:22","slug":"electa-directiva-del-concejo-municipal-2023-2024","status":"publish","type":"post","link":"https:\/\/webdealta.info\/?p=6207","title":{"rendered":"Electa directiva del Concejo Municipal 2023-2024"},"content":{"rendered":"\n<p>Amanda Saldivia.-<\/p>\n\n\n\n<p>Tal como lo contempla la ley, se realiz\u00f3 el acto de instalaci\u00f3n y elecci\u00f3n de la directiva del Concejo Municipal que regir\u00e1 el ejercicio de ese \u00f3rgano legislativo para el per\u00edodo 2023-2024, responsabilidad que recay\u00f3 por segundo a\u00f1o consecutivo en el concejal Julio Silvera, presidente y la concejala Mayerlin Quevedo, vicepresidenta.<\/p>\n\n\n\n<p>La elecci\u00f3n se realiz\u00f3 este jueves 12 de enero, en el sal\u00f3n Sim\u00f3n Bol\u00edvar de la alcald\u00eda del municipio Monagas, en presencia del alcalde Pedro Sol\u00f3rzano y dem\u00e1s autoridades civiles e invitados especiales.<\/p>\n\n\n\n<p>Le correspondi\u00f3 a la concejala Marlenis Figueroa, jefa de la fracci\u00f3n del PSUV, hacer la propuesta, la cual fue aprobada con el voto salvado a la edil Andreina Zerpa, \u00fanica representante de la oposici\u00f3n en el Concejo Municipal.<\/p>\n\n\n\n<p>De esa forma fue electa la directiva, la cual incluye a Sheila Coromoto Hern\u00e1ndez como secretaria del Concejo Municipal y como Subsecretario Efra\u00edn Mejias, \u00fanico cambio con respecto al a\u00f1o anterior.<\/p>\n\n\n\n<p>El juramento del presidente Julio Silvera fue con la mano en la Constituci\u00f3n y la lectura del compromiso a cargo de la estudiante Reimar Chichilla, vocera municipal de la Federaci\u00f3n Venezolana de Estudiantes de Educaci\u00f3n Media, acompa\u00f1ada por l\u00edderes vecinales y del movimiento de emprendedores.<\/p>\n\n\n\n<p>En medio de un discurso cargado del componente pol\u00edtico, con hincapi\u00e9 en las consecuencias de las sanciones y las cr\u00edticas a la oposici\u00f3n, el concejal Silvera se\u00f1al\u00f3 que sancionaron 26 ordenanzas, entre ellas la creaci\u00f3n del Instituto Municipal de Turismo.<\/p>\n\n\n\n<p>Igualmente, felicit\u00f3 al alcalde Pedro Sol\u00f3rzano por los esfuerzos realizados en pro de lograr mejoras para que el municipio renazca y aprovech\u00f3 para ratificar el compromiso \u201ccon el pueblo, mi compromiso con la revoluci\u00f3n, con el Partido Socialista de Venezuela, somos soldados militantes de este partido\u201d.<\/p>\n\n\n\n<p>El alcalde Pedro Sol\u00f3rzano tambi\u00e9n tom\u00f3 la palabra para expresar a grandes rasgos las dificultades del a\u00f1o 2022 e hizo el llamado a todos ciudadanos que quiera trabajar en pro del municipio, porque considera que \u201ces la hora de la unidad real\u2026es que nosotros con respeto, con reconocimiento, tenemos que aprender a reconocer el trabajo del otro, de la otra\u2026yo creo que es la clave para hacer del municipio una gran potencia\u201d. &nbsp;&nbsp;<\/p>\n\n\n\n<p>Por su parte, la concejala Andreina Zerpa, declar\u00f3 al culminar la sesi\u00f3n ordinaria, con la finalidad de felicitar a los concejales electos, pero tambi\u00e9n para dejar claro que este a\u00f1o todos los ediles deber\u00edan enfocarse en la funci\u00f3n contralora de la gesti\u00f3n de la alcald\u00eda, porque el Concejo Municipal es aut\u00f3nomo y \u201ctoca hacerle seguimiento a todas las ordenanzas para que se cumplan\u201d.<\/p>\n\n\n\n<p>@amandasaldivia     <\/p>\n\n\n\n<p><\/p>\n","protected":false},"excerpt":{"rendered":"<p>Amanda Saldivia.- Tal como lo contempla la ley, se realiz\u00f3 el acto de instalaci\u00f3n y elecci\u00f3n de la directiva del Concejo Municipal que regir\u00e1 el ejercicio de ese \u00f3rgano legislativo para el per\u00edodo 2023-2024, responsabilidad que recay\u00f3 por segundo a\u00f1o consecutivo en el concejal Julio Silvera, presidente y la concejala<\/p>\n","protected":false},"author":2,"featured_media":6208,"comment_status":"open","ping_status":"open","sticky":false,"template":"","format":"standard","meta":{"advanced_seo_description":"","jetpack_seo_html_title":"","jetpack_seo_noindex":false,"_jetpack_memberships_contains_paid_content":false,"footnotes":"","jetpack_publicize_message":"","jetpack_publicize_feature_enabled":true,"jetpack_social_post_already_shared":true,"jetpack_social_options":{"image_generator_settings":{"template":"highway","enabled":false},"version":2}},"categories":[251],"tags":[8,7,32],"class_list":["post-6207","post","type-post","status-publish","format-standard","has-post-thumbnail","hentry","category-webdealta","tag-altagraciadeorituco","tag-guarico","tag-webdealta",""],"jetpack_publicize_connections":[],"jetpack_featured_media_url":"https:\/\/webdealta.info\/wp-content\/uploads\/2023\/01\/directivas-concejo-municipal-2023-webdealta.png","jetpack_sharing_enabled":true,"jetpack_likes_enabled":true,"jetpack-related-posts":[],"jetpack_shortlink":"https:\/\/wp.me\/pcseDn-1C7","_links":{"self":[{"href":"https:\/\/webdealta.info\/index.php?rest_route=\/wp\/v2\/posts\/6207","targetHints":{"allow":["GET"]}}],"collection":[{"href":"https:\/\/webdealta.info\/index.php?rest_route=\/wp\/v2\/posts"}],"about":[{"href":"https:\/\/webdealta.info\/index.php?rest_route=\/wp\/v2\/types\/post"}],"author":[{"embeddable":true,"href":"https:\/\/webdealta.info\/index.php?rest_route=\/wp\/v2\/users\/2"}],"replies":[{"embeddable":true,"href":"https:\/\/webdealta.info\/index.php?rest_route=%2Fwp%2Fv2%2Fcomments&post=6207"}],"version-history":[{"count":1,"href":"https:\/\/webdealta.info\/index.php?rest_route=\/wp\/v2\/posts\/6207\/revisions"}],"predecessor-version":[{"id":6209,"href":"https:\/\/webdealta.info\/index.php?rest_route=\/wp\/v2\/posts\/6207\/revisions\/6209"}],"wp:featuredmedia":[{"embeddable":true,"href":"https:\/\/webdealta.info\/index.php?rest_route=\/wp\/v2\/media\/6208"}],"wp:attachment":[{"href":"https:\/\/webdealta.info\/index.php?rest_route=%2Fwp%2Fv2%2Fmedia&parent=6207"}],"wp:term":[{"taxonomy":"category","embeddable":true,"href":"https:\/\/webdealta.info\/index.php?rest_route=%2Fwp%2Fv2%2Fcategories&post=6207"},{"taxonomy":"post_tag","embeddable":true,"href":"https:\/\/webdealta.info\/index.php?rest_route=%2Fwp%2Fv2%2Ftags&post=6207"}],"curies":[{"name":"wp","href":"https:\/\/api.w.org\/{rel}","templated":true}]}}