{"id":6185,"date":"2023-01-09T16:12:45","date_gmt":"2023-01-09T20:12:45","guid":{"rendered":"https:\/\/webdealta.info\/?p=6185"},"modified":"2023-01-10T07:18:56","modified_gmt":"2023-01-10T11:18:56","slug":"concurrida-protesta-de-educadores-en-altagracia","status":"publish","type":"post","link":"https:\/\/webdealta.info\/?p=6185","title":{"rendered":"Concurrida protesta de educadores en Altagracia"},"content":{"rendered":"\n<p>Amanda Saldivia.-<\/p>\n\n\n\n<p>Los docentes del pa\u00eds protestaron y en Altagracia de Orituco tambi\u00e9n se hicieron sentir con una manifestaci\u00f3n en la llamada Esquina Caliente, ubicada en la intersecci\u00f3n de las calles Hurtado Ascanio e Ilustres Pr\u00f3ceres.<\/p>\n\n\n\n<p>En fotograf\u00edas, la Web de Altagracia muestra la concentraci\u00f3n realizada en la ma\u00f1ana de este lunes 9 de enero, en las cuales se pueden observar pancartas alusivas al reclamo de los trabajadores del gremio educativo, quienes piden que se cumpla el art\u00edculo 91 de la Constituci\u00f3n de la Rep\u00fablica Bolivariana de Venezuela, as\u00ed como tambi\u00e9n exigen el ajuste a la pensi\u00f3n del Seguro Social y otros beneficios.<\/p>\n\n\n\n<p>Docentes activos y jubilados interpretaron el Himno Nacional, antes de pasar a los respectivos discursos de los l\u00edderes gremiales, para luego mantenerse en la acci\u00f3n de protesta hasta las 12 del mediod\u00eda.<\/p>\n\n\n\n<p>@amandasaldivia<\/p>\n\n\n\n<p>Fotos cortes\u00eda <\/p>\n\n\n\n<p><\/p>\n","protected":false},"excerpt":{"rendered":"<p>Amanda Saldivia.- Los docentes del pa\u00eds protestaron y en Altagracia de Orituco tambi\u00e9n se hicieron sentir con una manifestaci\u00f3n en la llamada Esquina Caliente, ubicada en la intersecci\u00f3n de las calles Hurtado Ascanio e Ilustres Pr\u00f3ceres. En fotograf\u00edas, la Web de Altagracia muestra la concentraci\u00f3n realizada en la ma\u00f1ana de<\/p>\n","protected":false},"author":2,"featured_media":6186,"comment_status":"open","ping_status":"open","sticky":false,"template":"","format":"standard","meta":{"advanced_seo_description":"","jetpack_seo_html_title":"","jetpack_seo_noindex":false,"_jetpack_memberships_contains_paid_content":false,"footnotes":"","jetpack_publicize_message":"","jetpack_publicize_feature_enabled":true,"jetpack_social_post_already_shared":true,"jetpack_social_options":{"image_generator_settings":{"template":"highway","enabled":false},"version":2}},"categories":[138],"tags":[8,7,32],"class_list":["post-6185","post","type-post","status-publish","format-standard","has-post-thumbnail","hentry","category-reclamo-laboral","tag-altagraciadeorituco","tag-guarico","tag-webdealta",""],"jetpack_publicize_connections":[],"jetpack_featured_media_url":"https:\/\/webdealta.info\/wp-content\/uploads\/2023\/01\/protesta-educadores-webdealta-2023.png","jetpack_sharing_enabled":true,"jetpack_likes_enabled":true,"jetpack-related-posts":[],"jetpack_shortlink":"https:\/\/wp.me\/pcseDn-1BL","_links":{"self":[{"href":"https:\/\/webdealta.info\/index.php?rest_route=\/wp\/v2\/posts\/6185","targetHints":{"allow":["GET"]}}],"collection":[{"href":"https:\/\/webdealta.info\/index.php?rest_route=\/wp\/v2\/posts"}],"about":[{"href":"https:\/\/webdealta.info\/index.php?rest_route=\/wp\/v2\/types\/post"}],"author":[{"embeddable":true,"href":"https:\/\/webdealta.info\/index.php?rest_route=\/wp\/v2\/users\/2"}],"replies":[{"embeddable":true,"href":"https:\/\/webdealta.info\/index.php?rest_route=%2Fwp%2Fv2%2Fcomments&post=6185"}],"version-history":[{"count":3,"href":"https:\/\/webdealta.info\/index.php?rest_route=\/wp\/v2\/posts\/6185\/revisions"}],"predecessor-version":[{"id":6189,"href":"https:\/\/webdealta.info\/index.php?rest_route=\/wp\/v2\/posts\/6185\/revisions\/6189"}],"wp:featuredmedia":[{"embeddable":true,"href":"https:\/\/webdealta.info\/index.php?rest_route=\/wp\/v2\/media\/6186"}],"wp:attachment":[{"href":"https:\/\/webdealta.info\/index.php?rest_route=%2Fwp%2Fv2%2Fmedia&parent=6185"}],"wp:term":[{"taxonomy":"category","embeddable":true,"href":"https:\/\/webdealta.info\/index.php?rest_route=%2Fwp%2Fv2%2Fcategories&post=6185"},{"taxonomy":"post_tag","embeddable":true,"href":"https:\/\/webdealta.info\/index.php?rest_route=%2Fwp%2Fv2%2Ftags&post=6185"}],"curies":[{"name":"wp","href":"https:\/\/api.w.org\/{rel}","templated":true}]}}