{"id":6181,"date":"2023-01-08T18:39:47","date_gmt":"2023-01-08T22:39:47","guid":{"rendered":"https:\/\/webdealta.info\/?p=6181"},"modified":"2023-01-08T18:39:49","modified_gmt":"2023-01-08T22:39:49","slug":"testimonio-docente-jubilada-se-suma-a-la-protesta","status":"publish","type":"post","link":"https:\/\/webdealta.info\/?p=6181","title":{"rendered":"Testimonio: Docente jubilada se suma a la protesta"},"content":{"rendered":"\n<p>Amanda Saldivia.-<\/p>\n\n\n\n<p>A prop\u00f3sito de la protesta del magisterio venezolano pautada para este lunes 9 de enero, la profesora Violeta de Rivero, docente jubilada con 37 a\u00f1os de servicio, expres\u00f3 que hay sobradas razones para manifestar el descontento por los salarios que a su juicio los \u00abaniquilan psicol\u00f3gicamente\u00bb.<\/p>\n\n\n\n<p>Sobre este aspecto, argument\u00f3 que cuando logran un aumento de 100 bol\u00edvares se tienen que enfrentar \u201ca un d\u00f3lar que el Estado mantiene para aniquilarnos psicol\u00f3gicamente, porque lo que compras hoy no te permite comprarlo ma\u00f1ana, eso es hablando de alimentos y medicinas\u201d.<\/p>\n\n\n\n<p>La profesora Violeta de Rivero tiene un salario mensual de 1.182 bol\u00edvares, como docente categor\u00eda VI que alcanz\u00f3 por sus estudios de pre y postgrado. Es licenciada en Educaci\u00f3n, menci\u00f3n orientaci\u00f3n, especialista en Docencia Universitaria, as\u00ed como tambi\u00e9n en Planificaci\u00f3n y Evaluaci\u00f3n Educativa, a lo que se suma la Maestr\u00eda y el Doctorado en Ciencias de la Educaci\u00f3n.<\/p>\n\n\n\n<p>Ante semejante curr\u00edculo expres\u00f3 que los educadores activos y jubilados son la \u201ccenicienta del Estado venezolano, no podemos decir que uno est\u00e1 mejor que otro. La calidad de vida de nosotros descansa en una l\u00ednea de problemas, como son el escaso salario que percibimos\u201d.<\/p>\n\n\n\n<p>Igualmente cit\u00f3 que les arrebataron beneficios, entre ellos el seguro de HCM, los servicios funerarios y el \u201cIpasme que lo convirtieron en asistencia comunitaria, pero nos descuentan del peque\u00f1o salario el 6% para mantenerlo\u201d.<\/p>\n\n\n\n<p>Por esa raz\u00f3n, se sumar\u00e1 a la protesta pautada para el lunes 9 de enero en la calle Ilustres Pr\u00f3ceres cruce con Hurtado Ascanio, a partir de las 8:30 am.<\/p>\n\n\n\n<p>@amandasaldivia   <\/p>\n\n\n\n<p><\/p>\n","protected":false},"excerpt":{"rendered":"<p>Amanda Saldivia.- A prop\u00f3sito de la protesta del magisterio venezolano pautada para este lunes 9 de enero, la profesora Violeta de Rivero, docente jubilada con 37 a\u00f1os de servicio, expres\u00f3 que hay sobradas razones para manifestar el descontento por los salarios que a su juicio los \u00abaniquilan psicol\u00f3gicamente\u00bb. Sobre este<\/p>\n","protected":false},"author":2,"featured_media":6182,"comment_status":"open","ping_status":"open","sticky":false,"template":"","format":"standard","meta":{"advanced_seo_description":"","jetpack_seo_html_title":"","jetpack_seo_noindex":false,"_jetpack_memberships_contains_paid_content":false,"footnotes":"","jetpack_publicize_message":"","jetpack_publicize_feature_enabled":true,"jetpack_social_post_already_shared":true,"jetpack_social_options":{"image_generator_settings":{"template":"highway","enabled":false},"version":2}},"categories":[138],"tags":[8,7,32],"class_list":["post-6181","post","type-post","status-publish","format-standard","has-post-thumbnail","hentry","category-reclamo-laboral","tag-altagraciadeorituco","tag-guarico","tag-webdealta",""],"jetpack_publicize_connections":[],"jetpack_featured_media_url":"https:\/\/webdealta.info\/wp-content\/uploads\/2023\/01\/protesta-enero-2023-docentes.png","jetpack_sharing_enabled":true,"jetpack_likes_enabled":true,"jetpack-related-posts":[],"jetpack_shortlink":"https:\/\/wp.me\/pcseDn-1BH","_links":{"self":[{"href":"https:\/\/webdealta.info\/index.php?rest_route=\/wp\/v2\/posts\/6181","targetHints":{"allow":["GET"]}}],"collection":[{"href":"https:\/\/webdealta.info\/index.php?rest_route=\/wp\/v2\/posts"}],"about":[{"href":"https:\/\/webdealta.info\/index.php?rest_route=\/wp\/v2\/types\/post"}],"author":[{"embeddable":true,"href":"https:\/\/webdealta.info\/index.php?rest_route=\/wp\/v2\/users\/2"}],"replies":[{"embeddable":true,"href":"https:\/\/webdealta.info\/index.php?rest_route=%2Fwp%2Fv2%2Fcomments&post=6181"}],"version-history":[{"count":1,"href":"https:\/\/webdealta.info\/index.php?rest_route=\/wp\/v2\/posts\/6181\/revisions"}],"predecessor-version":[{"id":6183,"href":"https:\/\/webdealta.info\/index.php?rest_route=\/wp\/v2\/posts\/6181\/revisions\/6183"}],"wp:featuredmedia":[{"embeddable":true,"href":"https:\/\/webdealta.info\/index.php?rest_route=\/wp\/v2\/media\/6182"}],"wp:attachment":[{"href":"https:\/\/webdealta.info\/index.php?rest_route=%2Fwp%2Fv2%2Fmedia&parent=6181"}],"wp:term":[{"taxonomy":"category","embeddable":true,"href":"https:\/\/webdealta.info\/index.php?rest_route=%2Fwp%2Fv2%2Fcategories&post=6181"},{"taxonomy":"post_tag","embeddable":true,"href":"https:\/\/webdealta.info\/index.php?rest_route=%2Fwp%2Fv2%2Ftags&post=6181"}],"curies":[{"name":"wp","href":"https:\/\/api.w.org\/{rel}","templated":true}]}}