{"id":6152,"date":"2022-12-24T11:08:03","date_gmt":"2022-12-24T15:08:03","guid":{"rendered":"https:\/\/webdealta.info\/?p=6152"},"modified":"2022-12-24T11:08:04","modified_gmt":"2022-12-24T15:08:04","slug":"altagracia-se-activaron-las-compras-el-24-de-diciembre","status":"publish","type":"post","link":"https:\/\/webdealta.info\/?p=6152","title":{"rendered":"Altagracia: se activaron las compras el 24 de diciembre"},"content":{"rendered":"\n<p>Amanda Saldivia.-<\/p>\n\n\n\n<p>Luego de semanas con poco movimiento de compradores en Altagracia de Orituco, este 24 de diciembre, pasada las 10 de la ma\u00f1ana, la calle Ilustres Pr\u00f3ceres mostr\u00f3 otro aspecto, para benepl\u00e1cito del sector comercial que se prepar\u00f3 para esta temporada decembrina.<\/p>\n\n\n\n<p>Pablo Rojas, presidente de la C\u00e1mara de Comercio del municipio Monagas, comparti\u00f3 la fotograf\u00eda en la cual se aprecia esa importante calle gracitana repleta de compradores, lo que contrasta con la poca afluencia que caracteriz\u00f3 las \u00faltimas semanas.<\/p>\n\n\n\n<p>Al preguntarle sobre las razones para ese comportamiento at\u00edpico, lo atribuy\u00f3 a una mayor incertidumbre generada por el alza del d\u00f3lar y el disminuido poder adquisitivo de un alto porcentaje de la poblaci\u00f3n.<\/p>\n\n\n\n<p>Sin embargo, con el optimismo que lo caracteriza Pablo Rojas espera que ese movimiento de compradores se mantenga en los pr\u00f3ximos d\u00edas, producto de las compras de Navidad y A\u00f1o Nuevo.<\/p>\n\n\n\n<p>@amandasaldivia    <\/p>\n\n\n\n<p><\/p>\n","protected":false},"excerpt":{"rendered":"<p>Amanda Saldivia.- Luego de semanas con poco movimiento de compradores en Altagracia de Orituco, este 24 de diciembre, pasada las 10 de la ma\u00f1ana, la calle Ilustres Pr\u00f3ceres mostr\u00f3 otro aspecto, para benepl\u00e1cito del sector comercial que se prepar\u00f3 para esta temporada decembrina. Pablo Rojas, presidente de la C\u00e1mara de<\/p>\n","protected":false},"author":2,"featured_media":6153,"comment_status":"open","ping_status":"open","sticky":false,"template":"","format":"standard","meta":{"advanced_seo_description":"","jetpack_seo_html_title":"","jetpack_seo_noindex":false,"_jetpack_memberships_contains_paid_content":false,"footnotes":"","jetpack_publicize_message":"","jetpack_publicize_feature_enabled":true,"jetpack_social_post_already_shared":true,"jetpack_social_options":{"image_generator_settings":{"template":"highway","enabled":false},"version":2}},"categories":[330],"tags":[8,7,32],"class_list":["post-6152","post","type-post","status-publish","format-standard","has-post-thumbnail","hentry","category-navidad-2022","tag-altagraciadeorituco","tag-guarico","tag-webdealta",""],"jetpack_publicize_connections":[],"jetpack_featured_media_url":"https:\/\/webdealta.info\/wp-content\/uploads\/2022\/12\/foto-comercio-altagracia-webdealta.jpeg","jetpack_sharing_enabled":true,"jetpack_likes_enabled":true,"jetpack-related-posts":[],"jetpack_shortlink":"https:\/\/wp.me\/pcseDn-1Be","_links":{"self":[{"href":"https:\/\/webdealta.info\/index.php?rest_route=\/wp\/v2\/posts\/6152","targetHints":{"allow":["GET"]}}],"collection":[{"href":"https:\/\/webdealta.info\/index.php?rest_route=\/wp\/v2\/posts"}],"about":[{"href":"https:\/\/webdealta.info\/index.php?rest_route=\/wp\/v2\/types\/post"}],"author":[{"embeddable":true,"href":"https:\/\/webdealta.info\/index.php?rest_route=\/wp\/v2\/users\/2"}],"replies":[{"embeddable":true,"href":"https:\/\/webdealta.info\/index.php?rest_route=%2Fwp%2Fv2%2Fcomments&post=6152"}],"version-history":[{"count":1,"href":"https:\/\/webdealta.info\/index.php?rest_route=\/wp\/v2\/posts\/6152\/revisions"}],"predecessor-version":[{"id":6154,"href":"https:\/\/webdealta.info\/index.php?rest_route=\/wp\/v2\/posts\/6152\/revisions\/6154"}],"wp:featuredmedia":[{"embeddable":true,"href":"https:\/\/webdealta.info\/index.php?rest_route=\/wp\/v2\/media\/6153"}],"wp:attachment":[{"href":"https:\/\/webdealta.info\/index.php?rest_route=%2Fwp%2Fv2%2Fmedia&parent=6152"}],"wp:term":[{"taxonomy":"category","embeddable":true,"href":"https:\/\/webdealta.info\/index.php?rest_route=%2Fwp%2Fv2%2Fcategories&post=6152"},{"taxonomy":"post_tag","embeddable":true,"href":"https:\/\/webdealta.info\/index.php?rest_route=%2Fwp%2Fv2%2Ftags&post=6152"}],"curies":[{"name":"wp","href":"https:\/\/api.w.org\/{rel}","templated":true}]}}