{"id":6148,"date":"2022-12-24T10:12:55","date_gmt":"2022-12-24T14:12:55","guid":{"rendered":"https:\/\/webdealta.info\/?p=6148"},"modified":"2022-12-24T10:12:56","modified_gmt":"2022-12-24T14:12:56","slug":"el-poder-del-conocimiento-altagracia-celebraba-el-dia-internacional-de-la-ginebra","status":"publish","type":"post","link":"https:\/\/webdealta.info\/?p=6148","title":{"rendered":"El Poder del Conocimiento: Altagracia celebraba el D\u00eda Internacional de la Ginebra"},"content":{"rendered":"\n<p>Amanda Saldivia.-<\/p>\n\n\n\n<p>Presentamos la historia de una tradici\u00f3n que se realiz\u00f3 durante 22 a\u00f1os en el parque Sucre de Altagracia de Orituco y que a\u00fan se mantiene en el recuerdo de los gracitanos que disfrutaron de lo que se llam\u00f3 el D\u00eda Internacional de la Ginebra.<br><br>Para conocer m\u00e1s sobre la celebraci\u00f3n buscamos a uno de los protagonistas, el profesor y periodista gracitano Alberto \u00c1lvarez, quien nos cont\u00f3 que \u00abtodo comenz\u00f3 cuando Yasmin\u00a0Ortega, necesitaba hacer el esquema de un trabajo sobre el movimiento guerrillero de los a\u00f1os 60, como parte de sus estudios en la Escuela de Antropolog\u00eda de la UCV.<br>\u00c9l hab\u00eda cursado un diplomado en historia de Venezuela en la Universidad Santa Mar\u00eda; motivo por el cual decidi\u00f3 ayudarla\u201d.<br><br>Como a las 11 de la ma\u00f1ana de ese 28 de diciembre se sentaron en el parque Sucre, pero al rato de discutir sobre el movimiento guerrillero, \u00e9l le dijo a Yasmin: estamos como secos, verdad?<br><br>Es que la tentaci\u00f3n estaba al frente, en la esquina de la calle Rond\u00f3n cruce con Gil Pulido en la licorer\u00eda de Ram\u00f3n Ort\u00edz y decidieron comprar una botella de ginebra y jugo de naranja.<br><br>A medida que pasaba el tiempo comenzaron a llegar los amigos con la misma bebida y amanecieron cantando y bailando. L\u00f3gicamente nunca se supo a d\u00f3nde fue a parar la hoja con el esquema del trabajo sobre el movimiento guerrillero, pero Yasmin no tuvo problema, super\u00f3 la evaluaci\u00f3n y se gradu\u00f3 de Antrop\u00f3logo.\u00a0<br><br>Ese fue el punto de partida de una \u00abtradici\u00f3n que se extendi\u00f3 por 22 a\u00f1os, donde se reun\u00edan amigos y familiares entre cuatros, maracas y hasta acordeones; adem\u00e1s de los pasapalos que comenzaron a abundar, que ven\u00edan de las manos de las madres, t\u00edas y convidados\u00bb.<br><br>Relata Alberto \u00c1lvarez que un d\u00eda comenzaron a elegir a Miss Ginebra y Miss Ginebrita.<br>Fue tanto el \u00e9xito, que una conocida marca de licor les ofreci\u00f3 patrocinar el evento, luego de que en una oportunidad el D\u00eda Internacional de la Ginebra ocup\u00f3 2 cuadras y hasta hubo mesas de domin\u00f3 y baraja para pasar la noche.<br><br>Por supuesto,\u00a0la oferta fue rechazada y el reencuentro sigui\u00f3 siendo de amigos y de los integrantes de las familias que viv\u00edan en los alrededores del parque Sucre.<br><br>Con nostalgia Alberto \u00c1lvarez expres\u00f3 que son muchas las an\u00e9cdotas de esas veladas que eran motivo para que los amigos y vecinos de toda la vida se reunieran los 28 de diciembre. Fue la inseguridad la que nos oblig\u00f3 a suspenderla, luego de 22 a\u00f1os de celebrar el D\u00eda Internacional de la Ginebra en el parque Sucre de Altagracia de Orituco.<\/p>\n\n\n\n<p>Ese fue el tema de la semana, en la serie de micros de la empresa Promasorca que se transmiten en le programa Tiempo de Cambios por Activa 104.9 FM. <\/p>\n\n\n\n<p>@amandasaldivia\u00a0\u00a0    <\/p>\n\n\n\n<p><\/p>\n","protected":false},"excerpt":{"rendered":"<p>Amanda Saldivia.- Presentamos la historia de una tradici\u00f3n que se realiz\u00f3 durante 22 a\u00f1os en el parque Sucre de Altagracia de Orituco y que a\u00fan se mantiene en el recuerdo de los gracitanos que disfrutaron de lo que se llam\u00f3 el D\u00eda Internacional de la Ginebra. Para conocer m\u00e1s sobre<\/p>\n","protected":false},"author":2,"featured_media":6149,"comment_status":"open","ping_status":"open","sticky":false,"template":"","format":"standard","meta":{"advanced_seo_description":"","jetpack_seo_html_title":"","jetpack_seo_noindex":false,"_jetpack_memberships_contains_paid_content":false,"footnotes":"","jetpack_publicize_message":"","jetpack_publicize_feature_enabled":true,"jetpack_social_post_already_shared":true,"jetpack_social_options":{"image_generator_settings":{"template":"highway","enabled":false},"version":2}},"categories":[302],"tags":[8,7,32],"class_list":["post-6148","post","type-post","status-publish","format-standard","has-post-thumbnail","hentry","category-el-poder-del-conocimiento","tag-altagraciadeorituco","tag-guarico","tag-webdealta",""],"jetpack_publicize_connections":[],"jetpack_featured_media_url":"https:\/\/webdealta.info\/wp-content\/uploads\/2022\/12\/amistad-webdealta.jpg","jetpack_sharing_enabled":true,"jetpack_likes_enabled":true,"jetpack-related-posts":[],"jetpack_shortlink":"https:\/\/wp.me\/pcseDn-1Ba","_links":{"self":[{"href":"https:\/\/webdealta.info\/index.php?rest_route=\/wp\/v2\/posts\/6148","targetHints":{"allow":["GET"]}}],"collection":[{"href":"https:\/\/webdealta.info\/index.php?rest_route=\/wp\/v2\/posts"}],"about":[{"href":"https:\/\/webdealta.info\/index.php?rest_route=\/wp\/v2\/types\/post"}],"author":[{"embeddable":true,"href":"https:\/\/webdealta.info\/index.php?rest_route=\/wp\/v2\/users\/2"}],"replies":[{"embeddable":true,"href":"https:\/\/webdealta.info\/index.php?rest_route=%2Fwp%2Fv2%2Fcomments&post=6148"}],"version-history":[{"count":1,"href":"https:\/\/webdealta.info\/index.php?rest_route=\/wp\/v2\/posts\/6148\/revisions"}],"predecessor-version":[{"id":6150,"href":"https:\/\/webdealta.info\/index.php?rest_route=\/wp\/v2\/posts\/6148\/revisions\/6150"}],"wp:featuredmedia":[{"embeddable":true,"href":"https:\/\/webdealta.info\/index.php?rest_route=\/wp\/v2\/media\/6149"}],"wp:attachment":[{"href":"https:\/\/webdealta.info\/index.php?rest_route=%2Fwp%2Fv2%2Fmedia&parent=6148"}],"wp:term":[{"taxonomy":"category","embeddable":true,"href":"https:\/\/webdealta.info\/index.php?rest_route=%2Fwp%2Fv2%2Fcategories&post=6148"},{"taxonomy":"post_tag","embeddable":true,"href":"https:\/\/webdealta.info\/index.php?rest_route=%2Fwp%2Fv2%2Ftags&post=6148"}],"curies":[{"name":"wp","href":"https:\/\/api.w.org\/{rel}","templated":true}]}}