{"id":6129,"date":"2022-12-19T20:39:49","date_gmt":"2022-12-20T00:39:49","guid":{"rendered":"https:\/\/webdealta.info\/?p=6129"},"modified":"2022-12-19T20:39:50","modified_gmt":"2022-12-20T00:39:50","slug":"fundacion-dr-pedro-maria-arevalo-festejo-cierre-de-2022","status":"publish","type":"post","link":"https:\/\/webdealta.info\/?p=6129","title":{"rendered":"Fundaci\u00f3n Dr. Pedro Mar\u00eda Ar\u00e9valo festej\u00f3 cierre de 2022"},"content":{"rendered":"\n<p>Amanda Saldivia.-<\/p>\n\n\n\n<p>La Fundaci\u00f3n Dr. Pedro Mar\u00eda Ar\u00e9valo culmin\u00f3 las actividades de 2022 con una jornada festiva que incluy\u00f3 entrega de certificados a los participantes y ganadores del segundo concurso de dibujo, as\u00ed como tambi\u00e9n destac\u00f3 la asistencia de quienes se formaron en los talleres desarrollados durante el a\u00f1o en las \u00e1reas de arte y gastronom\u00eda.<\/p>\n\n\n\n<p>Eduardo Adames, vicepresidente de la fundaci\u00f3n, dijo que el cierre de actividades se realiz\u00f3 el pasado s\u00e1bado 17 de diciembre en un ambiente festivo, con el disfrute de la buena m\u00fasica a cargo de Manuel \u00c1vila en la ejecuci\u00f3n de saxo.<\/p>\n\n\n\n<p>Respecto al venidero 2023, se\u00f1al\u00f3 que reanudar\u00e1n actividades en enero \u201ccon renovados \u00e1nimos y con novedosas proyecciones para brindarles a nuestros ciudadanos y todos los habitantes de este municipio, todo el despliegue de nuestros esfuerzos por lograr un mayor alcance en transmitir educaci\u00f3n, aprendizaje y conocimientos en general.<\/p>\n\n\n\n<p>Por \u00faltimo, agradeci\u00f3 el apoyo que le ha brindado la Web de Altagracia y el programa Tiempo de Cambios que se transmite en la emisora Activa 104.9 FM y aprovech\u00f3 la ocasi\u00f3n para desear \u201cque tengan unas navidades y un final de a\u00f1o pleno de salud y bienestar, para todos\u201d.<\/p>\n\n\n\n<p>@amandasaldivia     <\/p>\n\n\n\n<p><\/p>\n","protected":false},"excerpt":{"rendered":"<p>Amanda Saldivia.- La Fundaci\u00f3n Dr. Pedro Mar\u00eda Ar\u00e9valo culmin\u00f3 las actividades de 2022 con una jornada festiva que incluy\u00f3 entrega de certificados a los participantes y ganadores del segundo concurso de dibujo, as\u00ed como tambi\u00e9n destac\u00f3 la asistencia de quienes se formaron en los talleres desarrollados durante el a\u00f1o en<\/p>\n","protected":false},"author":2,"featured_media":6130,"comment_status":"open","ping_status":"open","sticky":false,"template":"","format":"standard","meta":{"advanced_seo_description":"","jetpack_seo_html_title":"","jetpack_seo_noindex":false,"_jetpack_memberships_contains_paid_content":false,"footnotes":"","jetpack_publicize_message":"","jetpack_publicize_feature_enabled":true,"jetpack_social_post_already_shared":true,"jetpack_social_options":{"image_generator_settings":{"template":"highway","enabled":false},"version":2}},"categories":[117],"tags":[8,7,32],"class_list":["post-6129","post","type-post","status-publish","format-standard","has-post-thumbnail","hentry","category-celebracion","tag-altagraciadeorituco","tag-guarico","tag-webdealta",""],"jetpack_publicize_connections":[],"jetpack_featured_media_url":"https:\/\/webdealta.info\/wp-content\/uploads\/2022\/12\/foto-fundacion-webdealta.jpg","jetpack_sharing_enabled":true,"jetpack_likes_enabled":true,"jetpack-related-posts":[],"jetpack_shortlink":"https:\/\/wp.me\/pcseDn-1AR","_links":{"self":[{"href":"https:\/\/webdealta.info\/index.php?rest_route=\/wp\/v2\/posts\/6129","targetHints":{"allow":["GET"]}}],"collection":[{"href":"https:\/\/webdealta.info\/index.php?rest_route=\/wp\/v2\/posts"}],"about":[{"href":"https:\/\/webdealta.info\/index.php?rest_route=\/wp\/v2\/types\/post"}],"author":[{"embeddable":true,"href":"https:\/\/webdealta.info\/index.php?rest_route=\/wp\/v2\/users\/2"}],"replies":[{"embeddable":true,"href":"https:\/\/webdealta.info\/index.php?rest_route=%2Fwp%2Fv2%2Fcomments&post=6129"}],"version-history":[{"count":1,"href":"https:\/\/webdealta.info\/index.php?rest_route=\/wp\/v2\/posts\/6129\/revisions"}],"predecessor-version":[{"id":6131,"href":"https:\/\/webdealta.info\/index.php?rest_route=\/wp\/v2\/posts\/6129\/revisions\/6131"}],"wp:featuredmedia":[{"embeddable":true,"href":"https:\/\/webdealta.info\/index.php?rest_route=\/wp\/v2\/media\/6130"}],"wp:attachment":[{"href":"https:\/\/webdealta.info\/index.php?rest_route=%2Fwp%2Fv2%2Fmedia&parent=6129"}],"wp:term":[{"taxonomy":"category","embeddable":true,"href":"https:\/\/webdealta.info\/index.php?rest_route=%2Fwp%2Fv2%2Fcategories&post=6129"},{"taxonomy":"post_tag","embeddable":true,"href":"https:\/\/webdealta.info\/index.php?rest_route=%2Fwp%2Fv2%2Ftags&post=6129"}],"curies":[{"name":"wp","href":"https:\/\/api.w.org\/{rel}","templated":true}]}}