{"id":6122,"date":"2022-12-14T22:31:18","date_gmt":"2022-12-15T02:31:18","guid":{"rendered":"https:\/\/webdealta.info\/?p=6122"},"modified":"2022-12-14T22:31:19","modified_gmt":"2022-12-15T02:31:19","slug":"santa-llego-al-centro-medico-orituco","status":"publish","type":"post","link":"https:\/\/webdealta.info\/?p=6122","title":{"rendered":"Santa lleg\u00f3 al Centro M\u00e9dico Orituco"},"content":{"rendered":"\n<p>Amanda Saldivia.-<\/p>\n\n\n\n<p>El ambiente de Navidad poco a poco impregna la din\u00e1mica de la poblaci\u00f3n gracitana, para recordarnos que est\u00e1 cercano el nacimiento del Ni\u00f1o Jes\u00fas. Como las tradiciones se mezclan y lo importante en estas festividades son los ni\u00f1os, este mi\u00e9rcoles 14 de diciembre lleg\u00f3 Santa Claus al Centro M\u00e9dico Orituco como parte de la sorpresa preparada para los hijos de los trabajadores de esa instituci\u00f3n de salud.<\/p>\n\n\n\n<p>La Dra. Milvia Garc\u00eda, director m\u00e9dico, dijo que la programaci\u00f3n comenz\u00f3 con la eucarist\u00eda oficiada por el padre Cruz Mujica y animada por la hermana Ana Mar\u00eda, acompa\u00f1ada por las ni\u00f1as de la casa hogar Madre Candelaria de San Jos\u00e9, porque lo importante es dar gracias a Dios por ser la gu\u00eda espiritual de la instituci\u00f3n.<\/p>\n\n\n\n<p>Seguidamente, apareci\u00f3 Santa para entregar cotillones a los ni\u00f1os, adem\u00e1s hubo pintacaritas, algod\u00f3n de az\u00facar y cotufas para celebrar que se acerca la Navidad, fecha de uni\u00f3n familiar y propicia para estrechar lazos entre los trabajadores del Centro M\u00e9dico Orituco.<\/p>\n\n\n\n<p>@amandasaldivia   <\/p>\n\n\n\n<p><\/p>\n","protected":false},"excerpt":{"rendered":"<p>Amanda Saldivia.- El ambiente de Navidad poco a poco impregna la din\u00e1mica de la poblaci\u00f3n gracitana, para recordarnos que est\u00e1 cercano el nacimiento del Ni\u00f1o Jes\u00fas. Como las tradiciones se mezclan y lo importante en estas festividades son los ni\u00f1os, este mi\u00e9rcoles 14 de diciembre lleg\u00f3 Santa Claus al Centro<\/p>\n","protected":false},"author":2,"featured_media":6123,"comment_status":"open","ping_status":"open","sticky":false,"template":"","format":"standard","meta":{"advanced_seo_description":"","jetpack_seo_html_title":"","jetpack_seo_noindex":false,"_jetpack_memberships_contains_paid_content":false,"footnotes":"","jetpack_publicize_message":"","jetpack_publicize_feature_enabled":true,"jetpack_social_post_already_shared":true,"jetpack_social_options":{"image_generator_settings":{"template":"highway","enabled":false},"version":2}},"categories":[330],"tags":[8,7,32],"class_list":["post-6122","post","type-post","status-publish","format-standard","has-post-thumbnail","hentry","category-navidad-2022","tag-altagraciadeorituco","tag-guarico","tag-webdealta",""],"jetpack_publicize_connections":[],"jetpack_featured_media_url":"https:\/\/webdealta.info\/wp-content\/uploads\/2022\/12\/Centro-M\u00b4wedico-o-webdealta.png","jetpack_sharing_enabled":true,"jetpack_likes_enabled":true,"jetpack-related-posts":[],"jetpack_shortlink":"https:\/\/wp.me\/pcseDn-1AK","_links":{"self":[{"href":"https:\/\/webdealta.info\/index.php?rest_route=\/wp\/v2\/posts\/6122","targetHints":{"allow":["GET"]}}],"collection":[{"href":"https:\/\/webdealta.info\/index.php?rest_route=\/wp\/v2\/posts"}],"about":[{"href":"https:\/\/webdealta.info\/index.php?rest_route=\/wp\/v2\/types\/post"}],"author":[{"embeddable":true,"href":"https:\/\/webdealta.info\/index.php?rest_route=\/wp\/v2\/users\/2"}],"replies":[{"embeddable":true,"href":"https:\/\/webdealta.info\/index.php?rest_route=%2Fwp%2Fv2%2Fcomments&post=6122"}],"version-history":[{"count":1,"href":"https:\/\/webdealta.info\/index.php?rest_route=\/wp\/v2\/posts\/6122\/revisions"}],"predecessor-version":[{"id":6124,"href":"https:\/\/webdealta.info\/index.php?rest_route=\/wp\/v2\/posts\/6122\/revisions\/6124"}],"wp:featuredmedia":[{"embeddable":true,"href":"https:\/\/webdealta.info\/index.php?rest_route=\/wp\/v2\/media\/6123"}],"wp:attachment":[{"href":"https:\/\/webdealta.info\/index.php?rest_route=%2Fwp%2Fv2%2Fmedia&parent=6122"}],"wp:term":[{"taxonomy":"category","embeddable":true,"href":"https:\/\/webdealta.info\/index.php?rest_route=%2Fwp%2Fv2%2Fcategories&post=6122"},{"taxonomy":"post_tag","embeddable":true,"href":"https:\/\/webdealta.info\/index.php?rest_route=%2Fwp%2Fv2%2Ftags&post=6122"}],"curies":[{"name":"wp","href":"https:\/\/api.w.org\/{rel}","templated":true}]}}