{"id":612,"date":"2020-11-04T23:33:12","date_gmt":"2020-11-05T03:33:12","guid":{"rendered":"https:\/\/webdealta.info\/?p=612"},"modified":"2020-11-04T23:33:13","modified_gmt":"2020-11-05T03:33:13","slug":"cansados-de-cocinar-en-fogon","status":"publish","type":"post","link":"https:\/\/webdealta.info\/?p=612","title":{"rendered":"Cansados de cocinar en fog\u00f3n"},"content":{"rendered":"\n<h4 class=\"wp-block-heading\">Vecinos de Tricentenario I y San Carlos se trasladaron a la sede de Digas Gu\u00e1rico en Altagracia<\/h4>\n\n\n\n<p>Amanda Saldivia<\/p>\n\n\n\n<p>Cansados de cocinar en fog\u00f3n, vecinos de los sectores Tricentenario I y San Carlos de Altagracia de Orituco, se trasladaron este mi\u00e9rcoles 4 de noviembre en horas de la tarde, hasta la sede de Digas Gu\u00e1rico para conversar con el comisionado jefe Frank Hern\u00e1ndez, gerente de esa empresa p\u00fablica en el municipio Monagas.<\/p>\n\n\n\n<p>En testimonios expresados a este medio explicaron que tomaron la decisi\u00f3n, porque han aumentado las enfermedades respiratorias, tales como bronquitis y asma, producto de los fogones a le\u00f1a que se ven en la obligaci\u00f3n de utilizar, en virtud del retraso en la venta del gas dom\u00e9stico.<\/p>\n\n\n\n<p>Explicaron que el cronograma de despacho va por el n\u00famero 23 y ellos est\u00e1n en el 60, raz\u00f3n por la cual marcharon hasta el dep\u00f3sito como medida de presi\u00f3n, porque la situaci\u00f3n en la zona es complicada dada las caracter\u00edsticas de las viviendas, las cuales son bifamiliares, algunas sin patio y esto hace que se concentre el humo.<\/p>\n\n\n\n<p>Esta iniciativa fue tomada por un grupo de adultos, quienes acordaron continuar con acciones para exigir la venta de gas dom\u00e9stico.<\/p>\n\n\n\n<p>@amandasaldivia <\/p>\n\n\n\n<p><\/p>\n","protected":false},"excerpt":{"rendered":"<p>Vecinos de Tricentenario I y San Carlos se trasladaron a la sede de Digas Gu\u00e1rico en Altagracia Amanda Saldivia Cansados de cocinar en fog\u00f3n, vecinos de los sectores Tricentenario I y San Carlos de Altagracia de Orituco, se trasladaron este mi\u00e9rcoles 4 de noviembre en horas de la tarde, hasta<\/p>\n","protected":false},"author":2,"featured_media":613,"comment_status":"open","ping_status":"open","sticky":false,"template":"","format":"standard","meta":{"advanced_seo_description":"","jetpack_seo_html_title":"","jetpack_seo_noindex":false,"_jetpack_memberships_contains_paid_content":false,"footnotes":"","jetpack_publicize_message":"","jetpack_publicize_feature_enabled":true,"jetpack_social_post_already_shared":true,"jetpack_social_options":{"image_generator_settings":{"template":"highway","enabled":false},"version":2}},"categories":[22],"tags":[24,35,32],"class_list":["post-612","post","type-post","status-publish","format-standard","has-post-thumbnail","hentry","category-gas-domestico","tag-altagracia","tag-singas","tag-webdealta",""],"jetpack_publicize_connections":[],"jetpack_featured_media_url":"https:\/\/webdealta.info\/wp-content\/uploads\/2020\/11\/Vecinos-tricentenario.jpeg","jetpack_sharing_enabled":true,"jetpack_likes_enabled":true,"jetpack-related-posts":[],"jetpack_shortlink":"https:\/\/wp.me\/pcseDn-9S","_links":{"self":[{"href":"https:\/\/webdealta.info\/index.php?rest_route=\/wp\/v2\/posts\/612","targetHints":{"allow":["GET"]}}],"collection":[{"href":"https:\/\/webdealta.info\/index.php?rest_route=\/wp\/v2\/posts"}],"about":[{"href":"https:\/\/webdealta.info\/index.php?rest_route=\/wp\/v2\/types\/post"}],"author":[{"embeddable":true,"href":"https:\/\/webdealta.info\/index.php?rest_route=\/wp\/v2\/users\/2"}],"replies":[{"embeddable":true,"href":"https:\/\/webdealta.info\/index.php?rest_route=%2Fwp%2Fv2%2Fcomments&post=612"}],"version-history":[{"count":1,"href":"https:\/\/webdealta.info\/index.php?rest_route=\/wp\/v2\/posts\/612\/revisions"}],"predecessor-version":[{"id":614,"href":"https:\/\/webdealta.info\/index.php?rest_route=\/wp\/v2\/posts\/612\/revisions\/614"}],"wp:featuredmedia":[{"embeddable":true,"href":"https:\/\/webdealta.info\/index.php?rest_route=\/wp\/v2\/media\/613"}],"wp:attachment":[{"href":"https:\/\/webdealta.info\/index.php?rest_route=%2Fwp%2Fv2%2Fmedia&parent=612"}],"wp:term":[{"taxonomy":"category","embeddable":true,"href":"https:\/\/webdealta.info\/index.php?rest_route=%2Fwp%2Fv2%2Fcategories&post=612"},{"taxonomy":"post_tag","embeddable":true,"href":"https:\/\/webdealta.info\/index.php?rest_route=%2Fwp%2Fv2%2Ftags&post=612"}],"curies":[{"name":"wp","href":"https:\/\/api.w.org\/{rel}","templated":true}]}}