{"id":6118,"date":"2022-12-14T16:00:42","date_gmt":"2022-12-14T20:00:42","guid":{"rendered":"https:\/\/webdealta.info\/?p=6118"},"modified":"2022-12-14T16:00:43","modified_gmt":"2022-12-14T20:00:43","slug":"baja-tension-electrica-deja-sin-agua-a-parte-de-altagracia-y-lezama","status":"publish","type":"post","link":"https:\/\/webdealta.info\/?p=6118","title":{"rendered":"Baja tensi\u00f3n el\u00e9ctrica deja sin agua a parte de Altagracia y Lezama"},"content":{"rendered":"\n<p>Amanda Saldivia.-<\/p>\n\n\n\n<p>Se complica la prestaci\u00f3n del servicio de agua potable en zonas de Altagracia de Orituco, as\u00ed como tambi\u00e9n en la poblaci\u00f3n de Lezama, porque al parecer la baja tensi\u00f3n el\u00e9ctrica impide que los equipos de bombeo funcionen.<\/p>\n\n\n\n<p>Esta situaci\u00f3n se presenta desde la semana pasada, cuando la subestaci\u00f3n Altagracia se conect\u00f3 al sistema Baemari (El Sombrero), tras una aparente falla en la l\u00ednea 115 Kv que proviene de Santa Teresa del Tuy. Al menos as\u00ed fue informado a los vecinos que han reclamado el servicio ante Hidrop\u00e1ez.<\/p>\n\n\n\n<p>Hasta la fecha, no hay un comunicado oficial por parte de Corpoelec, solo la queja de los habitantes de la zona este de Altagracia y de Lezama, quienes esperan frustrados por un servicio que no llega; ahora por razones de tensi\u00f3n el\u00e9ctrica, a lo que se suman otras interrupciones por roturas de tuber\u00edas y v\u00e1lvulas.<\/p>\n\n\n\n<p>Respecto a las dificultades para surtir de agua a las familias de Lezama, el doctor Vicente Lira, habitante de ese poblado del municipio Monagas, declar\u00f3 que comisiones de Hidrop\u00e1ez y de Corpoelec revisaron el acueducto, ante la presunci\u00f3n de que podr\u00eda estar da\u00f1ado el motor.<\/p>\n\n\n\n<p>Sin embargo, luego de la revisi\u00f3n, los t\u00e9cnicos concluyeron que tambi\u00e9n se ve afectado por la baja tensi\u00f3n el\u00e9ctrica existente en el municipio, al igual que ocurre en la planta de tratamiento Chapaiguana, donde los equipos de bombeo no trabajan de manera continua, lo que ha tra\u00eddo como consecuencia retrasos en el cronograma de sectorizaci\u00f3n.<\/p>\n\n\n\n<p>Agreg\u00f3 Lira, que el responsable del acueducto realizar\u00e1 maniobras de bombeo en horas de la madrugada, a ver si de esta forma logra que el suministro llegue a las familias de Lezama.<\/p>\n\n\n\n<p>@amandasaldivia   <\/p>\n\n\n\n<p><\/p>\n","protected":false},"excerpt":{"rendered":"<p>Amanda Saldivia.- Se complica la prestaci\u00f3n del servicio de agua potable en zonas de Altagracia de Orituco, as\u00ed como tambi\u00e9n en la poblaci\u00f3n de Lezama, porque al parecer la baja tensi\u00f3n el\u00e9ctrica impide que los equipos de bombeo funcionen. Esta situaci\u00f3n se presenta desde la semana pasada, cuando la subestaci\u00f3n<\/p>\n","protected":false},"author":2,"featured_media":6119,"comment_status":"open","ping_status":"open","sticky":false,"template":"","format":"standard","meta":{"advanced_seo_description":"","jetpack_seo_html_title":"","jetpack_seo_noindex":false,"_jetpack_memberships_contains_paid_content":false,"footnotes":"","jetpack_publicize_message":"","jetpack_publicize_feature_enabled":true,"jetpack_social_post_already_shared":true,"jetpack_social_options":{"image_generator_settings":{"template":"highway","enabled":false},"version":2}},"categories":[21],"tags":[8,7,32],"class_list":["post-6118","post","type-post","status-publish","format-standard","has-post-thumbnail","hentry","category-agua-potable","tag-altagraciadeorituco","tag-guarico","tag-webdealta",""],"jetpack_publicize_connections":[],"jetpack_featured_media_url":"https:\/\/webdealta.info\/wp-content\/uploads\/2022\/12\/sin-agua-altagracia-webdealta.png","jetpack_sharing_enabled":true,"jetpack_likes_enabled":true,"jetpack-related-posts":[],"jetpack_shortlink":"https:\/\/wp.me\/pcseDn-1AG","_links":{"self":[{"href":"https:\/\/webdealta.info\/index.php?rest_route=\/wp\/v2\/posts\/6118","targetHints":{"allow":["GET"]}}],"collection":[{"href":"https:\/\/webdealta.info\/index.php?rest_route=\/wp\/v2\/posts"}],"about":[{"href":"https:\/\/webdealta.info\/index.php?rest_route=\/wp\/v2\/types\/post"}],"author":[{"embeddable":true,"href":"https:\/\/webdealta.info\/index.php?rest_route=\/wp\/v2\/users\/2"}],"replies":[{"embeddable":true,"href":"https:\/\/webdealta.info\/index.php?rest_route=%2Fwp%2Fv2%2Fcomments&post=6118"}],"version-history":[{"count":1,"href":"https:\/\/webdealta.info\/index.php?rest_route=\/wp\/v2\/posts\/6118\/revisions"}],"predecessor-version":[{"id":6120,"href":"https:\/\/webdealta.info\/index.php?rest_route=\/wp\/v2\/posts\/6118\/revisions\/6120"}],"wp:featuredmedia":[{"embeddable":true,"href":"https:\/\/webdealta.info\/index.php?rest_route=\/wp\/v2\/media\/6119"}],"wp:attachment":[{"href":"https:\/\/webdealta.info\/index.php?rest_route=%2Fwp%2Fv2%2Fmedia&parent=6118"}],"wp:term":[{"taxonomy":"category","embeddable":true,"href":"https:\/\/webdealta.info\/index.php?rest_route=%2Fwp%2Fv2%2Fcategories&post=6118"},{"taxonomy":"post_tag","embeddable":true,"href":"https:\/\/webdealta.info\/index.php?rest_route=%2Fwp%2Fv2%2Ftags&post=6118"}],"curies":[{"name":"wp","href":"https:\/\/api.w.org\/{rel}","templated":true}]}}