{"id":6115,"date":"2022-12-13T22:28:13","date_gmt":"2022-12-14T02:28:13","guid":{"rendered":"https:\/\/webdealta.info\/?p=6115"},"modified":"2022-12-13T22:28:14","modified_gmt":"2022-12-14T02:28:14","slug":"junto-al-ministro-ildemaro-villarroel-evaluaron-proyectos-de-viviendas","status":"publish","type":"post","link":"https:\/\/webdealta.info\/?p=6115","title":{"rendered":"<strong>Junto al ministro Ildemaro Villarroel evaluaron proyectos de viviendas<\/strong>"},"content":{"rendered":"\n<p>El gobernador del estado Gu\u00e1rico Jos\u00e9 V\u00e1squez, y el alcalde del municipio Francisco de Miranda, Donald Donaire, realizaron una mesa de trabajo junto al ministro del Poder Popular para el H\u00e1bitat y Vivienda Ildelmaro Villarroel, donde evaluaron los proyectos en materia de construcci\u00f3n de viviendas a lo ancho y largo del territorio guarique\u00f1o durante lo que ha sido el a\u00f1o 2022, preparando el cierre de a\u00f1o con un nuevo logro en materia habitacional y alistar la respectiva planificaci\u00f3n para el venidero a\u00f1o 2023.<\/p>\n\n\n\n<p>En este contexto, a trav\u00e9s de un v\u00eddeo publicado a trav\u00e9s la red social de Instagram del Gobernador de Gu\u00e1rico @josemvasquez1, en el cual, el representante de la cartera nacional de H\u00e1bitat y Vivienda, Ildelmaro Villarroel refiri\u00f3 que uno de los proyectos a ejecutar en esta entidad llanera corresponde al fortalecimiento de la Urbanizaci\u00f3n Hugo Ch\u00e1vez ubicada en la ciudad de San Juan de los Morros, municipio Juan Germ\u00e1n Roscio Nieves, donde actualmente se encuentra en etapa de acabado y de pintura la Torre n\u00famero 28 que fue inspeccionada recientemente por las autoridades regionales, comprobando la activaci\u00f3n del Poder Popular en los detalles finales de pintura, con lo cual se beneficiar\u00e1n 20 familias.<\/p>\n\n\n\n<p>Por tanto, Villarroel indic\u00f3 que en los pr\u00f3ximos d\u00edas se estar\u00e1 desarrollando el \u00d3rgano Superior de Vivienda desde tierras guarique\u00f1as para definir la planificaci\u00f3n a ejecutar por el ente ministerial a trav\u00e9s de la Gran Misi\u00f3n Vivienda Venezuela (GMVV) desde el centro del pa\u00eds y las diversas geograf\u00edas del territorio nacional.<\/p>\n\n\n\n<p>Otro de los proyectos en materia de vivienda que se ejecuta actualmente en la entidad, corresponde a la comuna Lanceros del Llano ubicada en la parroquia Calabozo del municipio Francisco de Miranda, donde los vecinos del Consejo Comunal \u00abGuaicaipuro Los Indios\u00bb Calabozo, se encuentran en la etapa de culminaci\u00f3n de su propio urbanismo que totaliza 20 nuevas viviendas para igual n\u00famero de familias.<\/p>\n\n\n\n<p>Entre las labores que realizan abarcan los servicios p\u00fablicos como electricidad, agua potable, aguas servidas, aceras, brocales y vialidad, lo cual se enfoca en garantizar el buen vivir de cada una de las familias guarique\u00f1as.<\/p>\n\n\n\n<p>Por su parte, el gobernador Jos\u00e9 V\u00e1squez, indic\u00f3 que se ha presentado un proyecto de H\u00e1bitat y Vivienda regional a ejecutar durante el a\u00f1o 2023 adaptado a las necesidades y prioridades existente en los 15 municipios y 39 parroquias de la entidad guarique\u00f1a con la articulaci\u00f3n de diversos entes regionales y respaldo del Gobierno Bolivariano, enfocando los esfuerzos en garantizar la mayor protecci\u00f3n social y bienestar a las familias guarique\u00f1as.<\/p>\n\n\n\n<p><strong>Sibci Gu\u00e1rico<\/strong>  <\/p>\n\n\n\n<p><\/p>\n","protected":false},"excerpt":{"rendered":"<p>El gobernador del estado Gu\u00e1rico Jos\u00e9 V\u00e1squez, y el alcalde del municipio Francisco de Miranda, Donald Donaire, realizaron una mesa de trabajo junto al ministro del Poder Popular para el H\u00e1bitat y Vivienda Ildelmaro Villarroel, donde evaluaron los proyectos en materia de construcci\u00f3n de viviendas a lo ancho y largo<\/p>\n","protected":false},"author":2,"featured_media":6116,"comment_status":"open","ping_status":"open","sticky":false,"template":"","format":"standard","meta":{"advanced_seo_description":"","jetpack_seo_html_title":"","jetpack_seo_noindex":false,"_jetpack_memberships_contains_paid_content":false,"footnotes":"","jetpack_publicize_message":"","jetpack_publicize_feature_enabled":true,"jetpack_social_post_already_shared":true,"jetpack_social_options":{"image_generator_settings":{"template":"highway","enabled":false},"version":2}},"categories":[284],"tags":[8,7,32],"class_list":["post-6115","post","type-post","status-publish","format-standard","has-post-thumbnail","hentry","category-gobierno-de-guarico","tag-altagraciadeorituco","tag-guarico","tag-webdealta",""],"jetpack_publicize_connections":[],"jetpack_featured_media_url":"https:\/\/webdealta.info\/wp-content\/uploads\/2022\/12\/gobierno-de-guarico-webdealta-10.png","jetpack_sharing_enabled":true,"jetpack_likes_enabled":true,"jetpack-related-posts":[],"jetpack_shortlink":"https:\/\/wp.me\/pcseDn-1AD","_links":{"self":[{"href":"https:\/\/webdealta.info\/index.php?rest_route=\/wp\/v2\/posts\/6115","targetHints":{"allow":["GET"]}}],"collection":[{"href":"https:\/\/webdealta.info\/index.php?rest_route=\/wp\/v2\/posts"}],"about":[{"href":"https:\/\/webdealta.info\/index.php?rest_route=\/wp\/v2\/types\/post"}],"author":[{"embeddable":true,"href":"https:\/\/webdealta.info\/index.php?rest_route=\/wp\/v2\/users\/2"}],"replies":[{"embeddable":true,"href":"https:\/\/webdealta.info\/index.php?rest_route=%2Fwp%2Fv2%2Fcomments&post=6115"}],"version-history":[{"count":1,"href":"https:\/\/webdealta.info\/index.php?rest_route=\/wp\/v2\/posts\/6115\/revisions"}],"predecessor-version":[{"id":6117,"href":"https:\/\/webdealta.info\/index.php?rest_route=\/wp\/v2\/posts\/6115\/revisions\/6117"}],"wp:featuredmedia":[{"embeddable":true,"href":"https:\/\/webdealta.info\/index.php?rest_route=\/wp\/v2\/media\/6116"}],"wp:attachment":[{"href":"https:\/\/webdealta.info\/index.php?rest_route=%2Fwp%2Fv2%2Fmedia&parent=6115"}],"wp:term":[{"taxonomy":"category","embeddable":true,"href":"https:\/\/webdealta.info\/index.php?rest_route=%2Fwp%2Fv2%2Fcategories&post=6115"},{"taxonomy":"post_tag","embeddable":true,"href":"https:\/\/webdealta.info\/index.php?rest_route=%2Fwp%2Fv2%2Ftags&post=6115"}],"curies":[{"name":"wp","href":"https:\/\/api.w.org\/{rel}","templated":true}]}}