{"id":6111,"date":"2022-12-13T21:57:21","date_gmt":"2022-12-14T01:57:21","guid":{"rendered":"https:\/\/webdealta.info\/?p=6111"},"modified":"2022-12-13T21:57:23","modified_gmt":"2022-12-14T01:57:23","slug":"altagracia-upel-el-macaro-realizo-cierre-pedagogico-2022","status":"publish","type":"post","link":"https:\/\/webdealta.info\/?p=6111","title":{"rendered":"Altagracia: Upel El M\u00e1caro realiz\u00f3 Cierre Pedag\u00f3gico 2022"},"content":{"rendered":"\n<p>Amanda Saldivia.-<\/p>\n\n\n\n<p>Estudiantes del Centro de Atenci\u00f3n Upel El M\u00e1caro en Altagracia de Orituco presentaron los aprendizajes resaltantes del lapso acad\u00e9mico, en medio del Cierre Pedag\u00f3gico 2022 que se llev\u00f3 a cabo en la ma\u00f1ana de este martes 13 de diciembre, en el auditorio de la escuela Jos\u00e9 Ram\u00f3n Camejo.<\/p>\n\n\n\n<p>Es una verdadera \u201cfiesta macarina, una fiesta de encuentro navide\u00f1o\u201d, expres\u00f3 la profesora Leyna Tovar, coordinadora local del Centro de Atenci\u00f3n y subdirectora de docencia de la Upel El M\u00e1caro a nivel nacional, al ser abordada por el equipo de la Web de Altagracia.<\/p>\n\n\n\n<p>Explic\u00f3 que responsabilidad de exponer los trabajos en el \u00e1rea de investigaci\u00f3n, las tics, pr\u00e1cticas profesionales y desde la did\u00e1ctica, recay\u00f3 en 25 estudiantes de las \u201cdiferentes especialidades y modalidades de estudio que dar\u00e1n a conocer todo lo que realizaron durante el lapso acad\u00e9mico\u201d, tanto en los pregrados, como en maestr\u00edas, doctorados y diplomados.<\/p>\n\n\n\n<p>La profesora Leyna Tovar precis\u00f3 que con esa encuentro culminan las actividades acad\u00e9micas los 184 participantes de este a\u00f1o 2022 y el entrante retomar\u00e1n las preinscripciones y otras acciones para seguir el \u201ctransitar de surcos de esperanza\u201d.<\/p>\n\n\n\n<p>@amandasaldivia    <\/p>\n\n\n\n<p><\/p>\n","protected":false},"excerpt":{"rendered":"<p>Amanda Saldivia.- Estudiantes del Centro de Atenci\u00f3n Upel El M\u00e1caro en Altagracia de Orituco presentaron los aprendizajes resaltantes del lapso acad\u00e9mico, en medio del Cierre Pedag\u00f3gico 2022 que se llev\u00f3 a cabo en la ma\u00f1ana de este martes 13 de diciembre, en el auditorio de la escuela Jos\u00e9 Ram\u00f3n Camejo.<\/p>\n","protected":false},"author":2,"featured_media":6112,"comment_status":"open","ping_status":"open","sticky":false,"template":"","format":"standard","meta":{"advanced_seo_description":"","jetpack_seo_html_title":"","jetpack_seo_noindex":false,"_jetpack_memberships_contains_paid_content":false,"footnotes":"","jetpack_publicize_message":"","jetpack_publicize_feature_enabled":true,"jetpack_social_post_already_shared":true,"jetpack_social_options":{"image_generator_settings":{"template":"highway","enabled":false},"version":2}},"categories":[151],"tags":[8,7,32],"class_list":["post-6111","post","type-post","status-publish","format-standard","has-post-thumbnail","hentry","category-educacion","tag-altagraciadeorituco","tag-guarico","tag-webdealta",""],"jetpack_publicize_connections":[],"jetpack_featured_media_url":"https:\/\/webdealta.info\/wp-content\/uploads\/2022\/12\/Upel-El-Macaro-Webdealta-1.png","jetpack_sharing_enabled":true,"jetpack_likes_enabled":true,"jetpack-related-posts":[],"jetpack_shortlink":"https:\/\/wp.me\/pcseDn-1Az","_links":{"self":[{"href":"https:\/\/webdealta.info\/index.php?rest_route=\/wp\/v2\/posts\/6111","targetHints":{"allow":["GET"]}}],"collection":[{"href":"https:\/\/webdealta.info\/index.php?rest_route=\/wp\/v2\/posts"}],"about":[{"href":"https:\/\/webdealta.info\/index.php?rest_route=\/wp\/v2\/types\/post"}],"author":[{"embeddable":true,"href":"https:\/\/webdealta.info\/index.php?rest_route=\/wp\/v2\/users\/2"}],"replies":[{"embeddable":true,"href":"https:\/\/webdealta.info\/index.php?rest_route=%2Fwp%2Fv2%2Fcomments&post=6111"}],"version-history":[{"count":1,"href":"https:\/\/webdealta.info\/index.php?rest_route=\/wp\/v2\/posts\/6111\/revisions"}],"predecessor-version":[{"id":6113,"href":"https:\/\/webdealta.info\/index.php?rest_route=\/wp\/v2\/posts\/6111\/revisions\/6113"}],"wp:featuredmedia":[{"embeddable":true,"href":"https:\/\/webdealta.info\/index.php?rest_route=\/wp\/v2\/media\/6112"}],"wp:attachment":[{"href":"https:\/\/webdealta.info\/index.php?rest_route=%2Fwp%2Fv2%2Fmedia&parent=6111"}],"wp:term":[{"taxonomy":"category","embeddable":true,"href":"https:\/\/webdealta.info\/index.php?rest_route=%2Fwp%2Fv2%2Fcategories&post=6111"},{"taxonomy":"post_tag","embeddable":true,"href":"https:\/\/webdealta.info\/index.php?rest_route=%2Fwp%2Fv2%2Ftags&post=6111"}],"curies":[{"name":"wp","href":"https:\/\/api.w.org\/{rel}","templated":true}]}}