{"id":6090,"date":"2022-12-11T23:15:14","date_gmt":"2022-12-12T03:15:14","guid":{"rendered":"https:\/\/webdealta.info\/?p=6090"},"modified":"2022-12-11T23:15:15","modified_gmt":"2022-12-12T03:15:15","slug":"ninos-disfrutaron-al-maximo-la-expo-navidad-2022","status":"publish","type":"post","link":"https:\/\/webdealta.info\/?p=6090","title":{"rendered":"Ni\u00f1os disfrutaron al m\u00e1ximo la Expo Navidad 2022"},"content":{"rendered":"\n<p>Amanda Saldivia.-<\/p>\n\n\n\n<p>La presencia de Santa con obsequios para los ni\u00f1os, el inigualable estilo la orquesta La Tentadora, antecedida por la agrupaci\u00f3n Del Mismo Pueblo, fue el cierre de la Expo Feria Navidad 2022, evento celebrado en la casa Canaria de Altagracia de Orituco, este domingo 11 de diciembre.<\/p>\n\n\n\n<p>Yin Zheng (Teresita), fue la organizadora del evento bajo la figura de @mamaconpower, Instagram que identifica a un movimiento que esta joven comerciante gracitana cre\u00f3 para empoderar a la mujer y tambi\u00e9n con la finalidad de fomentar espacios de diversi\u00f3n para los ni\u00f1os en esta poblaci\u00f3n guarique\u00f1a.<\/p>\n\n\n\n<figure class=\"wp-block-image size-large\"><img loading=\"lazy\" decoding=\"async\" width=\"1024\" height=\"546\" src=\"https:\/\/webdealta.info\/wp-content\/uploads\/2022\/12\/expo-navidad-2022-3-1-1024x546.png\" alt=\"\" class=\"wp-image-6096\" srcset=\"https:\/\/webdealta.info\/wp-content\/uploads\/2022\/12\/expo-navidad-2022-3-1.png 1024w, https:\/\/webdealta.info\/wp-content\/uploads\/2022\/12\/expo-navidad-2022-3-1.png 300w, https:\/\/webdealta.info\/wp-content\/uploads\/2022\/12\/expo-navidad-2022-3-1.png 768w, https:\/\/webdealta.info\/wp-content\/uploads\/2022\/12\/expo-navidad-2022-3-1.png 1170w, https:\/\/webdealta.info\/wp-content\/uploads\/2022\/12\/expo-navidad-2022-3-1.png 1500w, https:\/\/webdealta.info\/wp-content\/uploads\/2022\/12\/expo-navidad-2022-3-1.png 1280w\" sizes=\"auto, (max-width: 640px) 100vw, 640px\" \/><\/figure>\n\n\n\n<p>La Expo Navidad 2022 agrup\u00f3 a emprendedores de las \u00e1reas de gastronom\u00eda, dise\u00f1adores y comerciantes de diferentes ramos, para mostrar lo que se hace en esta tierra orituque\u00f1a, as\u00ed como tambi\u00e9n lo que se comercializa en tiendas f\u00edsicas y en l\u00ednea.<\/p>\n\n\n\n<figure class=\"wp-block-image size-large\"><img loading=\"lazy\" decoding=\"async\" width=\"1024\" height=\"546\" src=\"https:\/\/webdealta.info\/wp-content\/uploads\/2022\/12\/Dakota-Cabrera-46-3-1024x546.png\" alt=\"\" class=\"wp-image-6100\" srcset=\"https:\/\/webdealta.info\/wp-content\/uploads\/2022\/12\/Dakota-Cabrera-46-3.png 1024w, https:\/\/webdealta.info\/wp-content\/uploads\/2022\/12\/Dakota-Cabrera-46-3.png 300w, https:\/\/webdealta.info\/wp-content\/uploads\/2022\/12\/Dakota-Cabrera-46-3.png 768w, https:\/\/webdealta.info\/wp-content\/uploads\/2022\/12\/Dakota-Cabrera-46-3.png 1170w, https:\/\/webdealta.info\/wp-content\/uploads\/2022\/12\/Dakota-Cabrera-46-3.png 1500w, https:\/\/webdealta.info\/wp-content\/uploads\/2022\/12\/Dakota-Cabrera-46-3.png 1280w\" sizes=\"auto, (max-width: 640px) 100vw, 640px\" \/><\/figure>\n\n\n\n<p>Al dar comienzo al evento Yin Zheng tom\u00f3 la palabra para dar las gracias a los presentes, especialmente a los expositores, a quienes destac\u00f3 al mencionar que \u201cson ustedes los protagonistas, tenemos muchas sorpresas para el d\u00eda de hoy, m\u00e1s que todo para los ni\u00f1os y tambi\u00e9n para los adultos, bienvenidos a la Expo Feria Navidad 2022\u201d.<\/p>\n\n\n\n<figure class=\"wp-block-image size-large\"><img loading=\"lazy\" decoding=\"async\" width=\"1024\" height=\"546\" src=\"https:\/\/webdealta.info\/wp-content\/uploads\/2022\/12\/expo-navidad-webdealta-2-1-1024x546.png\" alt=\"\" class=\"wp-image-6099\" srcset=\"https:\/\/webdealta.info\/wp-content\/uploads\/2022\/12\/expo-navidad-webdealta-2-1.png 1024w, https:\/\/webdealta.info\/wp-content\/uploads\/2022\/12\/expo-navidad-webdealta-2-1.png 300w, https:\/\/webdealta.info\/wp-content\/uploads\/2022\/12\/expo-navidad-webdealta-2-1.png 768w, https:\/\/webdealta.info\/wp-content\/uploads\/2022\/12\/expo-navidad-webdealta-2-1.png 1170w, https:\/\/webdealta.info\/wp-content\/uploads\/2022\/12\/expo-navidad-webdealta-2-1.png 1500w, https:\/\/webdealta.info\/wp-content\/uploads\/2022\/12\/expo-navidad-webdealta-2-1.png 1280w\" sizes=\"auto, (max-width: 640px) 100vw, 640px\" \/><\/figure>\n\n\n\n<p>Seguidamente subieron al escenario las ni\u00f1as de la agrupaci\u00f3n de danzas del preescolar Pitoqu\u00edn con un montaje musical de Navidad, que marc\u00f3 el inicio de la jornada, donde hubo pintacaritas, colchones inflables y los recreadores de Carcajadas, con actividades especiales para los ni\u00f1os. &nbsp;<\/p>\n\n\n\n<figure class=\"wp-block-image size-large\"><img loading=\"lazy\" decoding=\"async\" width=\"1024\" height=\"546\" src=\"https:\/\/webdealta.info\/wp-content\/uploads\/2022\/12\/expo-navidad-2022-webdealta-1024x546.png\" alt=\"\" class=\"wp-image-6095\" srcset=\"https:\/\/webdealta.info\/wp-content\/uploads\/2022\/12\/expo-navidad-2022-webdealta.png 1024w, https:\/\/webdealta.info\/wp-content\/uploads\/2022\/12\/expo-navidad-2022-webdealta.png 300w, https:\/\/webdealta.info\/wp-content\/uploads\/2022\/12\/expo-navidad-2022-webdealta.png 768w, https:\/\/webdealta.info\/wp-content\/uploads\/2022\/12\/expo-navidad-2022-webdealta.png 1170w, https:\/\/webdealta.info\/wp-content\/uploads\/2022\/12\/expo-navidad-2022-webdealta.png 1500w, https:\/\/webdealta.info\/wp-content\/uploads\/2022\/12\/expo-navidad-2022-webdealta.png 1280w\" sizes=\"auto, (max-width: 640px) 100vw, 640px\" \/><\/figure>\n\n\n\n<p>Resalt\u00f3 el ambiente familiar y festivo la presentaci\u00f3n de la orquesta La Tentadora, que, junto a la agrupaci\u00f3n Del Mismo Pueblo, dieron el toque de Navidad que tanta falta hace en esta temporada.<\/p>\n\n\n\n<p>La animaci\u00f3n, como siempre impecable, a cargo del profesor Rub\u00e9n Padr\u00f3n y de la licenciada Onnasis Mujica.<\/p>\n\n\n\n<p>@amandasaldivia  <\/p>\n\n\n\n<p><\/p>\n","protected":false},"excerpt":{"rendered":"<p>Amanda Saldivia.- La presencia de Santa con obsequios para los ni\u00f1os, el inigualable estilo la orquesta La Tentadora, antecedida por la agrupaci\u00f3n Del Mismo Pueblo, fue el cierre de la Expo Feria Navidad 2022, evento celebrado en la casa Canaria de Altagracia de Orituco, este domingo 11 de diciembre. Yin<\/p>\n","protected":false},"author":2,"featured_media":6091,"comment_status":"open","ping_status":"open","sticky":false,"template":"","format":"standard","meta":{"advanced_seo_description":"","jetpack_seo_html_title":"","jetpack_seo_noindex":false,"_jetpack_memberships_contains_paid_content":false,"footnotes":"","jetpack_publicize_message":"","jetpack_publicize_feature_enabled":true,"jetpack_social_post_already_shared":true,"jetpack_social_options":{"image_generator_settings":{"template":"highway","enabled":false},"version":2}},"categories":[117],"tags":[8,7,32],"class_list":["post-6090","post","type-post","status-publish","format-standard","has-post-thumbnail","hentry","category-celebracion","tag-altagraciadeorituco","tag-guarico","tag-webdealta",""],"jetpack_publicize_connections":[],"jetpack_featured_media_url":"https:\/\/webdealta.info\/wp-content\/uploads\/2022\/12\/Expo-Navidad-2022-1-webdealta.png","jetpack_sharing_enabled":true,"jetpack_likes_enabled":true,"jetpack-related-posts":[],"jetpack_shortlink":"https:\/\/wp.me\/pcseDn-1Ae","_links":{"self":[{"href":"https:\/\/webdealta.info\/index.php?rest_route=\/wp\/v2\/posts\/6090","targetHints":{"allow":["GET"]}}],"collection":[{"href":"https:\/\/webdealta.info\/index.php?rest_route=\/wp\/v2\/posts"}],"about":[{"href":"https:\/\/webdealta.info\/index.php?rest_route=\/wp\/v2\/types\/post"}],"author":[{"embeddable":true,"href":"https:\/\/webdealta.info\/index.php?rest_route=\/wp\/v2\/users\/2"}],"replies":[{"embeddable":true,"href":"https:\/\/webdealta.info\/index.php?rest_route=%2Fwp%2Fv2%2Fcomments&post=6090"}],"version-history":[{"count":1,"href":"https:\/\/webdealta.info\/index.php?rest_route=\/wp\/v2\/posts\/6090\/revisions"}],"predecessor-version":[{"id":6101,"href":"https:\/\/webdealta.info\/index.php?rest_route=\/wp\/v2\/posts\/6090\/revisions\/6101"}],"wp:featuredmedia":[{"embeddable":true,"href":"https:\/\/webdealta.info\/index.php?rest_route=\/wp\/v2\/media\/6091"}],"wp:attachment":[{"href":"https:\/\/webdealta.info\/index.php?rest_route=%2Fwp%2Fv2%2Fmedia&parent=6090"}],"wp:term":[{"taxonomy":"category","embeddable":true,"href":"https:\/\/webdealta.info\/index.php?rest_route=%2Fwp%2Fv2%2Fcategories&post=6090"},{"taxonomy":"post_tag","embeddable":true,"href":"https:\/\/webdealta.info\/index.php?rest_route=%2Fwp%2Fv2%2Ftags&post=6090"}],"curies":[{"name":"wp","href":"https:\/\/api.w.org\/{rel}","templated":true}]}}