{"id":608,"date":"2020-11-04T13:53:52","date_gmt":"2020-11-04T17:53:52","guid":{"rendered":"https:\/\/webdealta.info\/?p=608"},"modified":"2020-11-04T13:53:53","modified_gmt":"2020-11-04T17:53:53","slug":"docentes-en-acciones-de-calle","status":"publish","type":"post","link":"https:\/\/webdealta.info\/?p=608","title":{"rendered":"Docentes en acciones de calle"},"content":{"rendered":"\n<p>Amanda Saldivia<\/p>\n\n\n\n<p>Nuevamente los docentes en acciones de calle para mostrar el descontento por la p\u00e9rdida de la calidad de vida, que se expresa por los bajos salarios y los deficientes servicios p\u00fablicos en Altagracia, Gu\u00e1rico.<\/p>\n\n\n\n<p>Aunque el grupo fue reducido, destac\u00f3 que en su mayor\u00eda son maestros jubilados, que vivieron la \u00e9poca donde la profesi\u00f3n era suficientemente remunerada y permit\u00eda cubrir la canasta b\u00e1sica y otros compromisos que cualquier familia necesita.<\/p>\n\n\n\n<p>La acci\u00f3n de calle fue, este mi\u00e9rcoles 4 de noviembre, en la esquina de la Ilustres Pr\u00f3ceres con Hurtado Ascanio y en las pancartas se pod\u00eda leer el reclamo por salarios justos, por servicio de gas dom\u00e9stico y quejas por el racionamiento el\u00e9ctrico, entre otros.<\/p>\n\n\n\n<p>@amandasaldivia<\/p>\n\n\n\n<p><\/p>\n","protected":false},"excerpt":{"rendered":"<p>Amanda Saldivia Nuevamente los docentes en acciones de calle para mostrar el descontento por la p\u00e9rdida de la calidad de vida, que se expresa por los bajos salarios y los deficientes servicios p\u00fablicos en Altagracia, Gu\u00e1rico. Aunque el grupo fue reducido, destac\u00f3 que en su mayor\u00eda son maestros jubilados, que<\/p>\n","protected":false},"author":2,"featured_media":609,"comment_status":"open","ping_status":"open","sticky":false,"template":"","format":"standard","meta":{"advanced_seo_description":"","jetpack_seo_html_title":"","jetpack_seo_noindex":false,"_jetpack_memberships_contains_paid_content":false,"footnotes":"","jetpack_publicize_message":"","jetpack_publicize_feature_enabled":true,"jetpack_social_post_already_shared":true,"jetpack_social_options":{"image_generator_settings":{"template":"highway","enabled":false},"version":2}},"categories":[14],"tags":[24,28,29,31,32],"class_list":["post-608","post","type-post","status-publish","format-standard","has-post-thumbnail","hentry","category-protesta","tag-altagracia","tag-protestas","tag-salariojusto","tag-serviciospublicos","tag-webdealta",""],"jetpack_publicize_connections":[],"jetpack_featured_media_url":"https:\/\/webdealta.info\/wp-content\/uploads\/2020\/11\/protesta-de-docentes-1.jpeg","jetpack_sharing_enabled":true,"jetpack_likes_enabled":true,"jetpack-related-posts":[],"jetpack_shortlink":"https:\/\/wp.me\/pcseDn-9O","_links":{"self":[{"href":"https:\/\/webdealta.info\/index.php?rest_route=\/wp\/v2\/posts\/608","targetHints":{"allow":["GET"]}}],"collection":[{"href":"https:\/\/webdealta.info\/index.php?rest_route=\/wp\/v2\/posts"}],"about":[{"href":"https:\/\/webdealta.info\/index.php?rest_route=\/wp\/v2\/types\/post"}],"author":[{"embeddable":true,"href":"https:\/\/webdealta.info\/index.php?rest_route=\/wp\/v2\/users\/2"}],"replies":[{"embeddable":true,"href":"https:\/\/webdealta.info\/index.php?rest_route=%2Fwp%2Fv2%2Fcomments&post=608"}],"version-history":[{"count":1,"href":"https:\/\/webdealta.info\/index.php?rest_route=\/wp\/v2\/posts\/608\/revisions"}],"predecessor-version":[{"id":610,"href":"https:\/\/webdealta.info\/index.php?rest_route=\/wp\/v2\/posts\/608\/revisions\/610"}],"wp:featuredmedia":[{"embeddable":true,"href":"https:\/\/webdealta.info\/index.php?rest_route=\/wp\/v2\/media\/609"}],"wp:attachment":[{"href":"https:\/\/webdealta.info\/index.php?rest_route=%2Fwp%2Fv2%2Fmedia&parent=608"}],"wp:term":[{"taxonomy":"category","embeddable":true,"href":"https:\/\/webdealta.info\/index.php?rest_route=%2Fwp%2Fv2%2Fcategories&post=608"},{"taxonomy":"post_tag","embeddable":true,"href":"https:\/\/webdealta.info\/index.php?rest_route=%2Fwp%2Fv2%2Ftags&post=608"}],"curies":[{"name":"wp","href":"https:\/\/api.w.org\/{rel}","templated":true}]}}