{"id":6079,"date":"2022-12-09T09:44:48","date_gmt":"2022-12-09T13:44:48","guid":{"rendered":"https:\/\/webdealta.info\/?p=6079"},"modified":"2022-12-09T09:44:49","modified_gmt":"2022-12-09T13:44:49","slug":"quien-sera-la-senorita-altagracia","status":"publish","type":"post","link":"https:\/\/webdealta.info\/?p=6079","title":{"rendered":"\u00bfQui\u00e9n ser\u00e1 la Se\u00f1orita Altagracia?"},"content":{"rendered":"\n<p>Amanda Saldivia.-<\/p>\n\n\n\n<p>Glamour, brillo y baile ser\u00e1n las cualidades que demostrar\u00e1n las 16 participantes del concurso Se\u00f1orita Altagracia, en las categor\u00edas infantil y juvenil, evento que culmina este viernes el 9 de diciembre con la Gala Final, en el sal\u00f3n Atenas, a partir de las 6:00 pm.<\/p>\n\n\n\n<figure class=\"wp-block-image size-large\"><img loading=\"lazy\" decoding=\"async\" width=\"1024\" height=\"546\" src=\"https:\/\/webdealta.info\/wp-content\/uploads\/2022\/12\/senorita-altagracia-webdealta-2-1024x546.png\" alt=\"\" class=\"wp-image-6081\" srcset=\"https:\/\/webdealta.info\/wp-content\/uploads\/2022\/12\/senorita-altagracia-webdealta-2.png 1024w, https:\/\/webdealta.info\/wp-content\/uploads\/2022\/12\/senorita-altagracia-webdealta-2.png 300w, https:\/\/webdealta.info\/wp-content\/uploads\/2022\/12\/senorita-altagracia-webdealta-2.png 768w, https:\/\/webdealta.info\/wp-content\/uploads\/2022\/12\/senorita-altagracia-webdealta-2.png 1170w, https:\/\/webdealta.info\/wp-content\/uploads\/2022\/12\/senorita-altagracia-webdealta-2.png 1500w, https:\/\/webdealta.info\/wp-content\/uploads\/2022\/12\/senorita-altagracia-webdealta-2.png 1280w\" sizes=\"auto, (max-width: 640px) 100vw, 640px\" \/><\/figure>\n\n\n\n<p>Carlos Pimentel, organizador del concurso, invit\u00f3 a la poblaci\u00f3n gracitana a disfrutar de show que organizaron para cerrar el evento, que desde el mes de julio de este a\u00f1o ha incluido varias presentaciones de las participantes, como parte de la preparaci\u00f3n que han recibido en pasarela, etiqueta y oratoria.<\/p>\n\n\n\n<figure class=\"wp-block-image size-large\"><img loading=\"lazy\" decoding=\"async\" width=\"1024\" height=\"546\" src=\"https:\/\/webdealta.info\/wp-content\/uploads\/2022\/12\/senorita-altagracia-webdealta-3-1024x546.png\" alt=\"\" class=\"wp-image-6082\" srcset=\"https:\/\/webdealta.info\/wp-content\/uploads\/2022\/12\/senorita-altagracia-webdealta-3.png 1024w, https:\/\/webdealta.info\/wp-content\/uploads\/2022\/12\/senorita-altagracia-webdealta-3.png 300w, https:\/\/webdealta.info\/wp-content\/uploads\/2022\/12\/senorita-altagracia-webdealta-3.png 768w, https:\/\/webdealta.info\/wp-content\/uploads\/2022\/12\/senorita-altagracia-webdealta-3.png 1170w, https:\/\/webdealta.info\/wp-content\/uploads\/2022\/12\/senorita-altagracia-webdealta-3.png 1500w, https:\/\/webdealta.info\/wp-content\/uploads\/2022\/12\/senorita-altagracia-webdealta-3.png 1280w\" sizes=\"auto, (max-width: 640px) 100vw, 640px\" \/><\/figure>\n\n\n\n<p>Esta es la cuarta edici\u00f3n de Se\u00f1orita Altagracia, evento de belleza que comenz\u00f3 en el 2016 y que este a\u00f1o llega a su cuarta edici\u00f3n, ya que se paraliz\u00f3 producto de la pandemia.<\/p>\n\n\n\n<figure class=\"wp-block-image size-large\"><img loading=\"lazy\" decoding=\"async\" width=\"1024\" height=\"546\" src=\"https:\/\/webdealta.info\/wp-content\/uploads\/2022\/12\/senorita-altagracia-webdealta-4-1024x546.png\" alt=\"\" class=\"wp-image-6083\" srcset=\"https:\/\/webdealta.info\/wp-content\/uploads\/2022\/12\/senorita-altagracia-webdealta-4.png 1024w, https:\/\/webdealta.info\/wp-content\/uploads\/2022\/12\/senorita-altagracia-webdealta-4.png 300w, https:\/\/webdealta.info\/wp-content\/uploads\/2022\/12\/senorita-altagracia-webdealta-4.png 768w, https:\/\/webdealta.info\/wp-content\/uploads\/2022\/12\/senorita-altagracia-webdealta-4.png 1170w, https:\/\/webdealta.info\/wp-content\/uploads\/2022\/12\/senorita-altagracia-webdealta-4.png 1500w, https:\/\/webdealta.info\/wp-content\/uploads\/2022\/12\/senorita-altagracia-webdealta-4.png 1280w\" sizes=\"auto, (max-width: 640px) 100vw, 640px\" \/><\/figure>\n\n\n\n<p>En medio de la emoci\u00f3n de las 16 participantes, Armalys Yanez, actual Se\u00f1orita Altagracia, entregar\u00e1 la corona a la sucesora, para que represente a Gu\u00e1rico en el Best Model Venezuela.<\/p>\n\n\n\n<p>@amandasaldivia   <\/p>\n","protected":false},"excerpt":{"rendered":"<p>Amanda Saldivia.- Glamour, brillo y baile ser\u00e1n las cualidades que demostrar\u00e1n las 16 participantes del concurso Se\u00f1orita Altagracia, en las categor\u00edas infantil y juvenil, evento que culmina este viernes el 9 de diciembre con la Gala Final, en el sal\u00f3n Atenas, a partir de las 6:00 pm. Carlos Pimentel, organizador<\/p>\n","protected":false},"author":2,"featured_media":6080,"comment_status":"open","ping_status":"open","sticky":false,"template":"","format":"standard","meta":{"advanced_seo_description":"","jetpack_seo_html_title":"","jetpack_seo_noindex":false,"_jetpack_memberships_contains_paid_content":false,"footnotes":"","jetpack_publicize_message":"","jetpack_publicize_feature_enabled":true,"jetpack_social_post_already_shared":true,"jetpack_social_options":{"image_generator_settings":{"template":"highway","enabled":false},"version":2}},"categories":[320],"tags":[8,7,32],"class_list":["post-6079","post","type-post","status-publish","format-standard","has-post-thumbnail","hentry","category-belleza","tag-altagraciadeorituco","tag-guarico","tag-webdealta",""],"jetpack_publicize_connections":[],"jetpack_featured_media_url":"https:\/\/webdealta.info\/wp-content\/uploads\/2022\/12\/senorita-altagracia-webdealta-1.png","jetpack_sharing_enabled":true,"jetpack_likes_enabled":true,"jetpack-related-posts":[],"jetpack_shortlink":"https:\/\/wp.me\/pcseDn-1A3","_links":{"self":[{"href":"https:\/\/webdealta.info\/index.php?rest_route=\/wp\/v2\/posts\/6079","targetHints":{"allow":["GET"]}}],"collection":[{"href":"https:\/\/webdealta.info\/index.php?rest_route=\/wp\/v2\/posts"}],"about":[{"href":"https:\/\/webdealta.info\/index.php?rest_route=\/wp\/v2\/types\/post"}],"author":[{"embeddable":true,"href":"https:\/\/webdealta.info\/index.php?rest_route=\/wp\/v2\/users\/2"}],"replies":[{"embeddable":true,"href":"https:\/\/webdealta.info\/index.php?rest_route=%2Fwp%2Fv2%2Fcomments&post=6079"}],"version-history":[{"count":1,"href":"https:\/\/webdealta.info\/index.php?rest_route=\/wp\/v2\/posts\/6079\/revisions"}],"predecessor-version":[{"id":6084,"href":"https:\/\/webdealta.info\/index.php?rest_route=\/wp\/v2\/posts\/6079\/revisions\/6084"}],"wp:featuredmedia":[{"embeddable":true,"href":"https:\/\/webdealta.info\/index.php?rest_route=\/wp\/v2\/media\/6080"}],"wp:attachment":[{"href":"https:\/\/webdealta.info\/index.php?rest_route=%2Fwp%2Fv2%2Fmedia&parent=6079"}],"wp:term":[{"taxonomy":"category","embeddable":true,"href":"https:\/\/webdealta.info\/index.php?rest_route=%2Fwp%2Fv2%2Fcategories&post=6079"},{"taxonomy":"post_tag","embeddable":true,"href":"https:\/\/webdealta.info\/index.php?rest_route=%2Fwp%2Fv2%2Ftags&post=6079"}],"curies":[{"name":"wp","href":"https:\/\/api.w.org\/{rel}","templated":true}]}}