{"id":6059,"date":"2022-12-04T15:40:54","date_gmt":"2022-12-04T19:40:54","guid":{"rendered":"https:\/\/webdealta.info\/?p=6059"},"modified":"2022-12-04T15:40:55","modified_gmt":"2022-12-04T19:40:55","slug":"entregan-titulos-de-tierra-en-jornada-de-asistencia-al-productor","status":"publish","type":"post","link":"https:\/\/webdealta.info\/?p=6059","title":{"rendered":"Entregan t\u00edtulos de tierra en jornada de asistencia al productor"},"content":{"rendered":"\n<p>Amanda Saldivia.-<\/p>\n\n\n\n<p>Un total de 40 t\u00edtulos de adjudicaci\u00f3n de tierras, distribuidos en las siete parroquias del municipio Jos\u00e9 Tadeo Monagas, Gu\u00e1rico, fueron entregados en un acto celebrado en Altagracia de Orituco, el pasado viernes 2 de diciembre.<\/p>\n\n\n\n<p>La informaci\u00f3n fue dada a conocer por la Ing. Yulimar Alfaro, coordinadora municipal de INTI; quien explic\u00f3 que adicionalmente se brind\u00f3 asesor\u00eda a m\u00e1s de 50 productores, como parte de la jornada de asistencia al campesino, gracias a la integraci\u00f3n de diversas instituciones gubernamentales ligadas al \u00e1rea agr\u00edcola y pecuaria.<\/p>\n\n\n\n<p>De acuerdo a los expresado por Alfaro, el acto cont\u00f3 con la presencia de Pedro Sol\u00f3rzano, alcalde del municipio Jos\u00e9 Tadeo Monagas; Marbelys Gim\u00e9nez, directora regional del MATT; Jos\u00e9 Ignacio Rodr\u00edguez, coordinador del Instituto Nacional de Tierras de Gu\u00e1rico y Lorenzo Mateus por la Secretar\u00eda de Desarrollo Econ\u00f3mico y productivo de la gobernaci\u00f3n del estado Gu\u00e1rico.<\/p>\n\n\n\n<p>Igualmente, se\u00f1al\u00f3 que a la jornada integral de asistencia al productor campesino se sum\u00f3 el Dr. Carlos Oberto, coordinador del INSAI; Ing. Oscar P\u00e9rez, director del MATT; Jhon Istuiz, Sunagro y Damelis Reboledo, Inder, y Fondas.<\/p>\n\n\n\n<p>@amandasaldivia  <\/p>\n\n\n\n<p><\/p>\n","protected":false},"excerpt":{"rendered":"<p>Amanda Saldivia.- Un total de 40 t\u00edtulos de adjudicaci\u00f3n de tierras, distribuidos en las siete parroquias del municipio Jos\u00e9 Tadeo Monagas, Gu\u00e1rico, fueron entregados en un acto celebrado en Altagracia de Orituco, el pasado viernes 2 de diciembre. La informaci\u00f3n fue dada a conocer por la Ing. Yulimar Alfaro, coordinadora<\/p>\n","protected":false},"author":2,"featured_media":6060,"comment_status":"open","ping_status":"open","sticky":false,"template":"","format":"standard","meta":{"advanced_seo_description":"","jetpack_seo_html_title":"","jetpack_seo_noindex":false,"_jetpack_memberships_contains_paid_content":false,"footnotes":"","jetpack_publicize_message":"","jetpack_publicize_feature_enabled":true,"jetpack_social_post_already_shared":true,"jetpack_social_options":{"image_generator_settings":{"template":"highway","enabled":false},"version":2}},"categories":[19],"tags":[8,7,32],"class_list":["post-6059","post","type-post","status-publish","format-standard","has-post-thumbnail","hentry","category-agro","tag-altagraciadeorituco","tag-guarico","tag-webdealta",""],"jetpack_publicize_connections":[],"jetpack_featured_media_url":"https:\/\/webdealta.info\/wp-content\/uploads\/2022\/12\/inti-webdealta.png","jetpack_sharing_enabled":true,"jetpack_likes_enabled":true,"jetpack-related-posts":[],"jetpack_shortlink":"https:\/\/wp.me\/pcseDn-1zJ","_links":{"self":[{"href":"https:\/\/webdealta.info\/index.php?rest_route=\/wp\/v2\/posts\/6059","targetHints":{"allow":["GET"]}}],"collection":[{"href":"https:\/\/webdealta.info\/index.php?rest_route=\/wp\/v2\/posts"}],"about":[{"href":"https:\/\/webdealta.info\/index.php?rest_route=\/wp\/v2\/types\/post"}],"author":[{"embeddable":true,"href":"https:\/\/webdealta.info\/index.php?rest_route=\/wp\/v2\/users\/2"}],"replies":[{"embeddable":true,"href":"https:\/\/webdealta.info\/index.php?rest_route=%2Fwp%2Fv2%2Fcomments&post=6059"}],"version-history":[{"count":1,"href":"https:\/\/webdealta.info\/index.php?rest_route=\/wp\/v2\/posts\/6059\/revisions"}],"predecessor-version":[{"id":6061,"href":"https:\/\/webdealta.info\/index.php?rest_route=\/wp\/v2\/posts\/6059\/revisions\/6061"}],"wp:featuredmedia":[{"embeddable":true,"href":"https:\/\/webdealta.info\/index.php?rest_route=\/wp\/v2\/media\/6060"}],"wp:attachment":[{"href":"https:\/\/webdealta.info\/index.php?rest_route=%2Fwp%2Fv2%2Fmedia&parent=6059"}],"wp:term":[{"taxonomy":"category","embeddable":true,"href":"https:\/\/webdealta.info\/index.php?rest_route=%2Fwp%2Fv2%2Fcategories&post=6059"},{"taxonomy":"post_tag","embeddable":true,"href":"https:\/\/webdealta.info\/index.php?rest_route=%2Fwp%2Fv2%2Ftags&post=6059"}],"curies":[{"name":"wp","href":"https:\/\/api.w.org\/{rel}","templated":true}]}}