{"id":6055,"date":"2022-12-04T14:40:54","date_gmt":"2022-12-04T18:40:54","guid":{"rendered":"https:\/\/webdealta.info\/?p=6055"},"modified":"2022-12-04T14:40:55","modified_gmt":"2022-12-04T18:40:55","slug":"el-poder-del-conocimiento-que-simboliza-la-corona-de-adviento","status":"publish","type":"post","link":"https:\/\/webdealta.info\/?p=6055","title":{"rendered":"El Poder del Conocimiento: qu\u00e9 simboliza la corona de adviento"},"content":{"rendered":"\n<p>Amanda Saldivia.-<\/p>\n\n\n\n<p>Presentamos datos interesantes sobre una tradici\u00f3n que celebra la Iglesia Cat\u00f3lica en el mundo y en nuestro municipio, pero que a veces pasa inadvertida, en medio de la rutina diaria. Se trata del per\u00edodo de Adviento, simbolizado por una corona de ramas verdes y cuatro velas. Es la preparaci\u00f3n que comienza cuatro domingos antes de la Navidad.<\/p>\n\n\n\n<p>Adviento, proviene del lat\u00edn Adventus, que significa venida, llegada. En el portal Aciprensa.com destacan que el Adviento es un tiempo especial para la Iglesia Cat\u00f3lica, porque promueve avivar el esp\u00edritu de espera y preparaci\u00f3n para celebrar la llegada del Ni\u00f1o Jes\u00fas.<\/p>\n\n\n\n<p>Este a\u00f1o comenz\u00f3 este 27 de noviembre y el \u00faltimo domingo de Adviento ser\u00e1 el 18 de diciembre. Es un tiempo cargado de simbolog\u00eda y representado por la corona de Adviento, integrada por varios elementos que juntos encarnar el amor de Dios, que es eterno, sin comienzo ni final.<\/p>\n\n\n\n<p>La corona de Adviento es circular, porque representa precisamente el amor de Dios para siempre, el amor eterno. Se elabora regularmente con ramas verdes, color de la esperanza y la vida, porque como se lee en el citado portal \u201cel anhelo m\u00e1s importante de nuestras vidas es reverdecer siempre, por la uni\u00f3n estrecha con Dios, nuestro Padre\u201d.<\/p>\n\n\n\n<p>En la corona de Adviento deben colocarse cuatro velas, tres moradas y una rosada. De acuerdo al ritual religioso, la familia debe reunirse en oraci\u00f3n y encender la de color morado el primer domingo de Adviento, al igual que lo har\u00e1 el siguiente. El tercero corresponde a la rosada, para marcar la conciencia del gozo, de la alegr\u00eda \u201ccreciente porque se acerca la Navidad\u201d y la \u00faltima ser\u00e1 morada.<\/p>\n\n\n\n<p>La luz de las velas simboliza que \u201ces Dios hecho hombre, Jesucristo, la luz del mundo\u201d que vino a estar entre nosotros, para darnos una vida m\u00e1s plena y aut\u00e9ntica.<\/p>\n\n\n\n<p>Esta tradici\u00f3n se remonta a la antigua Roma y la costumbre de tener velas encendidas durante los d\u00edas de invierno. A los evangelizadores cristianos les pareci\u00f3 apropiado para significar con esa luz la venida de Cristo al mundo. Posteriormente, entre los siglos XVIII y XIX, al extenderse en Alemania la costumbre de colocar guirnaldas hechas con hojas y ramas peque\u00f1as de pino verde los d\u00edas previos a la Navidad, la tradici\u00f3n pas\u00f3 a los templos y posteriormente se vincul\u00f3 al Adviento.<\/p>\n\n\n\n<p>De esta forma, la corona de follaje verde y las cuatro velas se extendi\u00f3 por el mundo. En algunas de nuestras parroquias eclesi\u00e1sticas elaboraron la corona de Adviento y encendieron la primera vela de color morado este domingo 27 de noviembre, porque se acerca la fecha m\u00e1s importante del a\u00f1o, el nacimiento del Ni\u00f1o Jes\u00fas, nuestro redentor.<\/p>\n\n\n\n<p>Ese fue el tema de la semana en la serie de micro El Poder del Conocimiento, iniciativa de la empresa Promasorca, con la finalidad de enriquecer los saberes con historia, an\u00e9cdotas y curiosidades de esta regi\u00f3n orituque\u00f1a y del mundo.<\/p>\n\n\n\n<p><strong>@amandasaldivia<\/strong>   <\/p>\n\n\n\n<p><\/p>\n","protected":false},"excerpt":{"rendered":"<p>Amanda Saldivia.- Presentamos datos interesantes sobre una tradici\u00f3n que celebra la Iglesia Cat\u00f3lica en el mundo y en nuestro municipio, pero que a veces pasa inadvertida, en medio de la rutina diaria. Se trata del per\u00edodo de Adviento, simbolizado por una corona de ramas verdes y cuatro velas. Es la<\/p>\n","protected":false},"author":2,"featured_media":6056,"comment_status":"open","ping_status":"open","sticky":false,"template":"","format":"standard","meta":{"advanced_seo_description":"","jetpack_seo_html_title":"","jetpack_seo_noindex":false,"_jetpack_memberships_contains_paid_content":false,"footnotes":"","jetpack_publicize_message":"","jetpack_publicize_feature_enabled":true,"jetpack_social_post_already_shared":true,"jetpack_social_options":{"image_generator_settings":{"template":"highway","enabled":false},"version":2}},"categories":[302],"tags":[8,7,32],"class_list":["post-6055","post","type-post","status-publish","format-standard","has-post-thumbnail","hentry","category-el-poder-del-conocimiento","tag-altagraciadeorituco","tag-guarico","tag-webdealta",""],"jetpack_publicize_connections":[],"jetpack_featured_media_url":"https:\/\/webdealta.info\/wp-content\/uploads\/2022\/12\/ADVIENTO-WEBDEALTA.png","jetpack_sharing_enabled":true,"jetpack_likes_enabled":true,"jetpack-related-posts":[],"jetpack_shortlink":"https:\/\/wp.me\/pcseDn-1zF","_links":{"self":[{"href":"https:\/\/webdealta.info\/index.php?rest_route=\/wp\/v2\/posts\/6055","targetHints":{"allow":["GET"]}}],"collection":[{"href":"https:\/\/webdealta.info\/index.php?rest_route=\/wp\/v2\/posts"}],"about":[{"href":"https:\/\/webdealta.info\/index.php?rest_route=\/wp\/v2\/types\/post"}],"author":[{"embeddable":true,"href":"https:\/\/webdealta.info\/index.php?rest_route=\/wp\/v2\/users\/2"}],"replies":[{"embeddable":true,"href":"https:\/\/webdealta.info\/index.php?rest_route=%2Fwp%2Fv2%2Fcomments&post=6055"}],"version-history":[{"count":1,"href":"https:\/\/webdealta.info\/index.php?rest_route=\/wp\/v2\/posts\/6055\/revisions"}],"predecessor-version":[{"id":6057,"href":"https:\/\/webdealta.info\/index.php?rest_route=\/wp\/v2\/posts\/6055\/revisions\/6057"}],"wp:featuredmedia":[{"embeddable":true,"href":"https:\/\/webdealta.info\/index.php?rest_route=\/wp\/v2\/media\/6056"}],"wp:attachment":[{"href":"https:\/\/webdealta.info\/index.php?rest_route=%2Fwp%2Fv2%2Fmedia&parent=6055"}],"wp:term":[{"taxonomy":"category","embeddable":true,"href":"https:\/\/webdealta.info\/index.php?rest_route=%2Fwp%2Fv2%2Fcategories&post=6055"},{"taxonomy":"post_tag","embeddable":true,"href":"https:\/\/webdealta.info\/index.php?rest_route=%2Fwp%2Fv2%2Ftags&post=6055"}],"curies":[{"name":"wp","href":"https:\/\/api.w.org\/{rel}","templated":true}]}}