{"id":6051,"date":"2022-12-03T18:44:51","date_gmt":"2022-12-03T22:44:51","guid":{"rendered":"https:\/\/webdealta.info\/?p=6051"},"modified":"2022-12-04T14:36:33","modified_gmt":"2022-12-04T18:36:33","slug":"historiador-pedro-calzadilla-morire-con-altagracia-en-mi-corazon","status":"publish","type":"post","link":"https:\/\/webdealta.info\/?p=6051","title":{"rendered":"Historiador Pedro Calzadilla: \u201cMorir\u00e9 con Altagracia en mi coraz\u00f3n\u201d"},"content":{"rendered":"\n<h4 class=\"wp-block-heading\">* Bautizado el libro El d\u00eda en que un cometa chocar\u00eda con la Tierra, cr\u00f3nicas de Altagracia de Orituco de Pedro Calzadilla. Declarado Hijo Ilustre del Orituco, por parte del alcalde Pedro Sol\u00f3rzano.<\/h4>\n\n\n\n<p>Amanda Saldivia.-<\/p>\n\n\n\n<p>Con la sencillez que lo caracteriza, amplia sonrisa, trato cordial y esa manera de ser cercana a su gente, a sus ra\u00edces, Don Pedro Calzadilla \u00c1lvarez bautiz\u00f3 su \u00faltima obra titulada <strong>El d\u00eda en que un cometa chocar\u00eda con la Tierra, cr\u00f3nicas de Altagracia de Orituco<\/strong>, libro que contiene 54 relatos de lo vivido en su terru\u00f1o natal.<\/p>\n\n\n\n<p>Periodista e historiador, pero \u201csobre todo gracitano\u201d, acu\u00f1\u00f3 al referirse a la pasi\u00f3n por escribir sobre la tierra donde naci\u00f3 hace 89 a\u00f1os y que nuevamente lo recibi\u00f3 para bautizar el libro, as\u00ed como tambi\u00e9n para ser distinguido como Hijo Ilustre del Orituco, por parte del alcalde Pedro Sol\u00f3rzano.<\/p>\n\n\n\n<p>Pedro Calzadilla \u00c1lvarez, dijo que comenz\u00f3 a escribir esa obra para dejar a sus hijos un recuerdo de los que era su pueblo, pero despu\u00e9s por insistencia de familiares fueron compartidas algunas cr\u00f3nicas en la red social Facebook y all\u00ed surgi\u00f3 la insistencia de lectores para que publicara el libro que contiene 54 relatos de lo vivido, con el \u00e1nimo de que las nuevas generaciones tambi\u00e9n se interesen por la lectura.<\/p>\n\n\n\n<p>Visiblemente emocionado dijo que \u201ceste libro contiene mis recuerdos de la infancia\u2026resume lo que era Altagracia\u2026sucesos de la \u00e9poca de infancia, lo que quiero dejar claro es que Altagracia est\u00e1 en mi coraz\u00f3n y morir\u00e9 con Altagracia en mi coraz\u00f3n\u201d.<\/p>\n\n\n\n<p>El acto se realiz\u00f3 en el sal\u00f3n Sim\u00f3n Bol\u00edvar de la alcald\u00eda del municipio Monagas, espacio que se hizo peque\u00f1o para recibir a tan ilustre gracitano, quien estuvo acompa\u00f1ado por parte de la familia e invitados especiales, entre ellos Fernando Soto Rojas, orituque\u00f1o de amplia trayectoria pol\u00edtica, quien aprovech\u00f3 la ocasi\u00f3n para expresar el valor de la familia Calzadilla por tener cuatro integrantes que resaltan en las letras, uno de ellos Juan Calzadilla, el mejor poeta de los \u00faltimos tiempos.<\/p>\n\n\n\n<p>Con el Vals de Altagracia fue recibido el escritor, tema que es considerado el segundo himno de esta poblaci\u00f3n guarique\u00f1a, compuesto por el recordado Ram\u00f3n Infante y cuya interpretaci\u00f3n estuvo a cargo del Rams\u00e9s D\u00edaz, joven talento de esta poblaci\u00f3n.<\/p>\n\n\n\n<p>Le correspondi\u00f3 al guaribense Aldemaro Barrios, conducir el acto para presentar a Antonio Trujillo, cronista de San Antonio de los Altos, amigo del escritor y prologuista del libro, quien acert\u00f3 al escribir que Pedro Calzadillo \u00c1lvarez \u201cvuelve al lugar de donde nunca se ha ido\u201d, porque precisamente as\u00ed lo expres\u00f3 el escritor durante el bautizo de la obra.<\/p>\n\n\n\n<p>Igualmente, Beto Mirabal estuvo entre quienes se dirigieron a los presentes, para destacar que \u201csabe del amor de Pedro por este pueblo\u2026que est\u00e1 regresando con sus escritos nuevamente a su aldea\u201d, parafraseando al poeta T.S. Eliot.<\/p>\n\n\n\n<p>Por su parte, el alcalde Pedro Sol\u00f3rzano, manifest\u00f3 sentirse inmensamente complacido al realizar esta actividad, porque ha hecho esfuerzos para reconocer a cada uno de los hijos de esta tierra orituque\u00f1a, motivo por el cual \u201cno solo vamos a bautizar el libro\u2026yo quiero anunciar que nosotros hemos decretado Hijo Ilustre del municipio Jos\u00e9 Tadeo Monagas a este baluarte\u2026 que pone su intelecto al servicio del pueblo\u201d.<\/p>\n\n\n\n<p>Otro de los anuncios de inter\u00e9s fue el expresado por Pedro Calzadilla hijo, quien se\u00f1al\u00f3 que canalizar\u00e1 las gestiones necesarias para concretar el proyecto del alcalde Pedro Sol\u00f3rzano, en el sentido de recuperar la casa contigua a la alcald\u00eda para transformarla en una biblioteca y museo para Altagracia de Orituco.<\/p>\n\n\n\n<p>Para finalizar, el libro fue bautizado con p\u00e9talos de rosas y el maestro Manuel \u00c1vila deleit\u00f3 a los presentes con la interpretaci\u00f3n de cuatro temas acompa\u00f1ados con el saxo.<\/p>\n\n\n\n<p>@amandasaldivia  <\/p>\n\n\n\n<p><\/p>\n","protected":false},"excerpt":{"rendered":"<p>* Bautizado el libro El d\u00eda en que un cometa chocar\u00eda con la Tierra, cr\u00f3nicas de Altagracia de Orituco de Pedro Calzadilla. Declarado Hijo Ilustre del Orituco, por parte del alcalde Pedro Sol\u00f3rzano. Amanda Saldivia.- Con la sencillez que lo caracteriza, amplia sonrisa, trato cordial y esa manera de ser<\/p>\n","protected":false},"author":2,"featured_media":6052,"comment_status":"open","ping_status":"open","sticky":false,"template":"","format":"standard","meta":{"advanced_seo_description":"","jetpack_seo_html_title":"","jetpack_seo_noindex":false,"_jetpack_memberships_contains_paid_content":false,"footnotes":"","jetpack_publicize_message":"","jetpack_publicize_feature_enabled":true,"jetpack_social_post_already_shared":true,"jetpack_social_options":{"image_generator_settings":{"template":"highway","enabled":false},"version":2}},"categories":[117],"tags":[8,7,32],"class_list":["post-6051","post","type-post","status-publish","format-standard","has-post-thumbnail","hentry","category-celebracion","tag-altagraciadeorituco","tag-guarico","tag-webdealta",""],"jetpack_publicize_connections":[],"jetpack_featured_media_url":"https:\/\/webdealta.info\/wp-content\/uploads\/2022\/12\/pedro-alzadilla-webdealta.png","jetpack_sharing_enabled":true,"jetpack_likes_enabled":true,"jetpack-related-posts":[],"jetpack_shortlink":"https:\/\/wp.me\/pcseDn-1zB","_links":{"self":[{"href":"https:\/\/webdealta.info\/index.php?rest_route=\/wp\/v2\/posts\/6051","targetHints":{"allow":["GET"]}}],"collection":[{"href":"https:\/\/webdealta.info\/index.php?rest_route=\/wp\/v2\/posts"}],"about":[{"href":"https:\/\/webdealta.info\/index.php?rest_route=\/wp\/v2\/types\/post"}],"author":[{"embeddable":true,"href":"https:\/\/webdealta.info\/index.php?rest_route=\/wp\/v2\/users\/2"}],"replies":[{"embeddable":true,"href":"https:\/\/webdealta.info\/index.php?rest_route=%2Fwp%2Fv2%2Fcomments&post=6051"}],"version-history":[{"count":2,"href":"https:\/\/webdealta.info\/index.php?rest_route=\/wp\/v2\/posts\/6051\/revisions"}],"predecessor-version":[{"id":6054,"href":"https:\/\/webdealta.info\/index.php?rest_route=\/wp\/v2\/posts\/6051\/revisions\/6054"}],"wp:featuredmedia":[{"embeddable":true,"href":"https:\/\/webdealta.info\/index.php?rest_route=\/wp\/v2\/media\/6052"}],"wp:attachment":[{"href":"https:\/\/webdealta.info\/index.php?rest_route=%2Fwp%2Fv2%2Fmedia&parent=6051"}],"wp:term":[{"taxonomy":"category","embeddable":true,"href":"https:\/\/webdealta.info\/index.php?rest_route=%2Fwp%2Fv2%2Fcategories&post=6051"},{"taxonomy":"post_tag","embeddable":true,"href":"https:\/\/webdealta.info\/index.php?rest_route=%2Fwp%2Fv2%2Ftags&post=6051"}],"curies":[{"name":"wp","href":"https:\/\/api.w.org\/{rel}","templated":true}]}}