{"id":6047,"date":"2022-12-03T16:08:39","date_gmt":"2022-12-03T20:08:39","guid":{"rendered":"https:\/\/webdealta.info\/?p=6047"},"modified":"2022-12-03T16:08:40","modified_gmt":"2022-12-03T20:08:40","slug":"manuel-herrera-todos-valemos-para-algo-y-venimos-a-este-mundo-con-un-proposito","status":"publish","type":"post","link":"https:\/\/webdealta.info\/?p=6047","title":{"rendered":"Manuel Herrera: \u201ctodos valemos para algo y venimos a este mundo con un prop\u00f3sito\u201d."},"content":{"rendered":"\n<p>Amanda Saldivia.-<\/p>\n\n\n\n<p>Hoy es D\u00eda Internacional de la Personas con Discapacidad y Manuel Herrera, profesor egresado de la Upel El M\u00e1caro y actual trabajador del INTT Altagracia, prefiere llamarla diversidad funcional, porque \u201cpodemos asumir roles que nos permiten adquirir conocimiento, que nos permiten demostrar que en esta vida todos valemos para algo y venimos a este mundo con un prop\u00f3sito\u201d.<\/p>\n\n\n\n<p>Las declaraciones las ofreci\u00f3 este viernes 2 de diciembre en el programa Tiempo de Cambios que se transmite por Activa 104.9 FM de Altagracia de Orituco, en el cual envi\u00f3 un mensaje a la sociedad en general y a quienes tienen alguna discapacidad, para que recuerden que una persona con diversidad funcional puede tener \u201cotras miles de capacidades que los hacen grandes en el vida\u201d.<\/p>\n\n\n\n<p>Este joven, oriundo de San Rafael de Orituco, es la cara visible del INTT en Altagracia de Orituco, se desempe\u00f1a en atenci\u00f3n al p\u00fablico, adem\u00e1s de manejar las redes sociales de esta instituci\u00f3n y la relaci\u00f3n con los medios de comunicaci\u00f3n social.<\/p>\n\n\n\n<p>Sobre las labores diarias, recalc\u00f3 que la \u201cdiscapacidad no puede limitarnos a desempe\u00f1ar nuestras funciones, afortunadamente tengo el privilegio de pertenecer a la gran familia del INTT\u2026el buen agrado de atender a las personas, mi buen funcionamiento como tuitero de INTT, me hace seguir siendo grande y demostrando que si se puede lograr lo que nos propongamos\u201d.<\/p>\n\n\n\n<p>Al referirse al D\u00eda de las Personas con Discapacidad, lament\u00f3 no poder realizar la celebraci\u00f3n que tradicionalmente hac\u00eda en San Rafael. Sin embargo, consider\u00f3 oportuno expresar que \u201cVenezuela necesita gente comprometida, necesita gente que se muestre el sentido de pertenencia por nuestro pa\u00eds, que nada nos detenga, que sepamos que en alg\u00fan lugar del mundo todos somos \u00fatiles para la vida\u2026aprovecho para enviar un saludo para todos esas personas que se una u otra manera apoyan estas actividades\u201d.<\/p>\n\n\n\n<p>Por \u00faltimo, record\u00f3 la frase de Maickel Melamed, \u201cSi lo sue\u00f1as haz que pase\u201d.<\/p>\n\n\n\n<p>@amandasaldivia  <\/p>\n\n\n\n<p><\/p>\n","protected":false},"excerpt":{"rendered":"<p>Amanda Saldivia.- Hoy es D\u00eda Internacional de la Personas con Discapacidad y Manuel Herrera, profesor egresado de la Upel El M\u00e1caro y actual trabajador del INTT Altagracia, prefiere llamarla diversidad funcional, porque \u201cpodemos asumir roles que nos permiten adquirir conocimiento, que nos permiten demostrar que en esta vida todos valemos<\/p>\n","protected":false},"author":2,"featured_media":6048,"comment_status":"open","ping_status":"open","sticky":false,"template":"","format":"standard","meta":{"advanced_seo_description":"","jetpack_seo_html_title":"","jetpack_seo_noindex":false,"_jetpack_memberships_contains_paid_content":false,"footnotes":"","jetpack_publicize_message":"","jetpack_publicize_feature_enabled":true,"jetpack_social_post_already_shared":true,"jetpack_social_options":{"image_generator_settings":{"template":"highway","enabled":false},"version":2}},"categories":[117],"tags":[8,7,32],"class_list":["post-6047","post","type-post","status-publish","format-standard","has-post-thumbnail","hentry","category-celebracion","tag-altagraciadeorituco","tag-guarico","tag-webdealta",""],"jetpack_publicize_connections":[],"jetpack_featured_media_url":"https:\/\/webdealta.info\/wp-content\/uploads\/2022\/12\/manuel-herrera-webdealta.png","jetpack_sharing_enabled":true,"jetpack_likes_enabled":true,"jetpack-related-posts":[],"jetpack_shortlink":"https:\/\/wp.me\/pcseDn-1zx","_links":{"self":[{"href":"https:\/\/webdealta.info\/index.php?rest_route=\/wp\/v2\/posts\/6047","targetHints":{"allow":["GET"]}}],"collection":[{"href":"https:\/\/webdealta.info\/index.php?rest_route=\/wp\/v2\/posts"}],"about":[{"href":"https:\/\/webdealta.info\/index.php?rest_route=\/wp\/v2\/types\/post"}],"author":[{"embeddable":true,"href":"https:\/\/webdealta.info\/index.php?rest_route=\/wp\/v2\/users\/2"}],"replies":[{"embeddable":true,"href":"https:\/\/webdealta.info\/index.php?rest_route=%2Fwp%2Fv2%2Fcomments&post=6047"}],"version-history":[{"count":1,"href":"https:\/\/webdealta.info\/index.php?rest_route=\/wp\/v2\/posts\/6047\/revisions"}],"predecessor-version":[{"id":6049,"href":"https:\/\/webdealta.info\/index.php?rest_route=\/wp\/v2\/posts\/6047\/revisions\/6049"}],"wp:featuredmedia":[{"embeddable":true,"href":"https:\/\/webdealta.info\/index.php?rest_route=\/wp\/v2\/media\/6048"}],"wp:attachment":[{"href":"https:\/\/webdealta.info\/index.php?rest_route=%2Fwp%2Fv2%2Fmedia&parent=6047"}],"wp:term":[{"taxonomy":"category","embeddable":true,"href":"https:\/\/webdealta.info\/index.php?rest_route=%2Fwp%2Fv2%2Fcategories&post=6047"},{"taxonomy":"post_tag","embeddable":true,"href":"https:\/\/webdealta.info\/index.php?rest_route=%2Fwp%2Fv2%2Ftags&post=6047"}],"curies":[{"name":"wp","href":"https:\/\/api.w.org\/{rel}","templated":true}]}}