{"id":6043,"date":"2022-12-02T09:03:07","date_gmt":"2022-12-02T13:03:07","guid":{"rendered":"https:\/\/webdealta.info\/?p=6043"},"modified":"2022-12-02T09:03:07","modified_gmt":"2022-12-02T13:03:07","slug":"gobernador-jose-vasquez-presento-plan-guarico-progresa-2023","status":"publish","type":"post","link":"https:\/\/webdealta.info\/?p=6043","title":{"rendered":"<strong>Gobernador Jos\u00e9 V\u00e1squez present\u00f3 Plan Gu\u00e1rico Progresa 2023<\/strong>"},"content":{"rendered":"\n<p>En el estado Gu\u00e1rico, el gobernador Jos\u00e9 V\u00e1squez, realiz\u00f3 la presentaci\u00f3n del proyecto de presupuesto para el ejercicio econ\u00f3mico financiero de la gesti\u00f3n de gobierno en la entidad llanera para el a\u00f1o 2023, el cual tiene previsto direccionar el 60% al \u00e1rea econ\u00f3mica, social y el Poder Popular, mientras que el otro 40% corresponder\u00e1 a gastos de salarios de m\u00e1s de 4 mil trabajadores p\u00fablicos adscritos a la gobernaci\u00f3n de la entidad.<\/p>\n\n\n\n<p>La presentaci\u00f3n la realiz\u00f3 el mandatario regional ante el Poder Legislativo regional en la ciudad de San Juan de los Morros, adem\u00e1s de contar con la presencia de miembros del Poder Judicial; Poder Electoral; Poder Moral, integrado por la Contralor\u00eda Social y la Defensor\u00eda del Pueblo; adem\u00e1s del Poder Popular organizado, escenario en el cual explic\u00f3 que dicha planificaci\u00f3n da vida al plan \u00abGu\u00e1rico Progresa 2023\u00bb que comprende 3 elementos: Progreso Pol\u00edtico, Progreso Social y Progreso Econ\u00f3mico, entre los cuales se dividen los 10 v\u00e9rtices establecidos en el plan de gobierno \u00abGu\u00e1rico de Encuentro\u00bb que atiende a las necesidades emanadas por el pueblo.<\/p>\n\n\n\n<p>\u00abHoy tenemos un gran desaf\u00edo econ\u00f3mico y lo hemos afrontado con amplia capacidad. Aprendimos a recuperarnos en tiempos dif\u00edciles y vamos a seguir progresando\u00bb, afirm\u00f3 el gobernador Jos\u00e9 V\u00e1squez durante su presentaci\u00f3n, en la cual indic\u00f3 que para este venidero a\u00f1o 2023, se contempla la ejecuci\u00f3n de al menos 300 proyectos en 12 sectores estrat\u00e9gicos para el buen vivir de la poblaci\u00f3n y desarrollo del estado, permitiendo a su vez hacer frente a la pobreza hasta erradicarla en medio de las adversidades desde los 15 municipios guarique\u00f1os.<\/p>\n\n\n\n<p>Por su parte, la presidenta del Consejo Legislativo de Gu\u00e1rico (Clebg), Dayana Encinozo, asegur\u00f3 que est\u00e1 presentaci\u00f3n cumple con el fundamento legal establecido en los art\u00edculos Nro. 143 y 167 de la Constituci\u00f3n de la Rep\u00fablica Bolivariana de Venezuela; art\u00edculo Nro. 55 numeral 12 de la Constituci\u00f3n del Estado Bolivariano de Gu\u00e1rico que menciona la presentaci\u00f3n del presupuesto de Ingreso y Gastos P\u00fablicos del Estado, as\u00ed como la Ley de la Administraci\u00f3n Financiera de Gu\u00e1rico en los art\u00edculos 11 y 31. \u00abHoy se cumple con la Constituci\u00f3n y el pueblo para garantizar protecci\u00f3n social\u00bb, puntualiz\u00f3 Encinozo.<\/p>\n\n\n\n<p><strong>Seguimiento y Control Gubernamental<\/strong><\/p>\n\n\n\n<p>El escenario tambi\u00e9n fue propicio para que el gobernador Jos\u00e9 V\u00e1squez realizar\u00e1 adem\u00e1s la presentaci\u00f3n del Sistema de Seguimiento y Control de la Gesti\u00f3n de Gobierno que se ha aplicado en la entidad, gracias al desarrollo tecnol\u00f3gico de la empresa Alcarav\u00e1n, la cual ha creado un software que permite mejorar la gesti\u00f3n de gobierno mediante la participaci\u00f3n activa de 45 instituciones del Ejecutivo Regional, plataforma desde la cual se genera informaci\u00f3n en tiempo real sobre los proyectos que estos ejecutan en los 15 municipios.  <\/p>\n\n\n\n<p>Informaci\u00f3n Sibci Gu\u00e1rico<\/p>\n\n\n\n<p><\/p>\n","protected":false},"excerpt":{"rendered":"<p>En el estado Gu\u00e1rico, el gobernador Jos\u00e9 V\u00e1squez, realiz\u00f3 la presentaci\u00f3n del proyecto de presupuesto para el ejercicio econ\u00f3mico financiero de la gesti\u00f3n de gobierno en la entidad llanera para el a\u00f1o 2023, el cual tiene previsto direccionar el 60% al \u00e1rea econ\u00f3mica, social y el Poder Popular, mientras que<\/p>\n","protected":false},"author":2,"featured_media":6044,"comment_status":"open","ping_status":"open","sticky":false,"template":"","format":"standard","meta":{"advanced_seo_description":"","jetpack_seo_html_title":"","jetpack_seo_noindex":false,"_jetpack_memberships_contains_paid_content":false,"footnotes":"","jetpack_publicize_message":"","jetpack_publicize_feature_enabled":true,"jetpack_social_post_already_shared":true,"jetpack_social_options":{"image_generator_settings":{"template":"highway","enabled":false},"version":2}},"categories":[284],"tags":[8,7,32],"class_list":["post-6043","post","type-post","status-publish","format-standard","has-post-thumbnail","hentry","category-gobierno-de-guarico","tag-altagraciadeorituco","tag-guarico","tag-webdealta",""],"jetpack_publicize_connections":[],"jetpack_featured_media_url":"https:\/\/webdealta.info\/wp-content\/uploads\/2022\/12\/jose-vasquez-webdealta-1.png","jetpack_sharing_enabled":true,"jetpack_likes_enabled":true,"jetpack-related-posts":[],"jetpack_shortlink":"https:\/\/wp.me\/pcseDn-1zt","_links":{"self":[{"href":"https:\/\/webdealta.info\/index.php?rest_route=\/wp\/v2\/posts\/6043","targetHints":{"allow":["GET"]}}],"collection":[{"href":"https:\/\/webdealta.info\/index.php?rest_route=\/wp\/v2\/posts"}],"about":[{"href":"https:\/\/webdealta.info\/index.php?rest_route=\/wp\/v2\/types\/post"}],"author":[{"embeddable":true,"href":"https:\/\/webdealta.info\/index.php?rest_route=\/wp\/v2\/users\/2"}],"replies":[{"embeddable":true,"href":"https:\/\/webdealta.info\/index.php?rest_route=%2Fwp%2Fv2%2Fcomments&post=6043"}],"version-history":[{"count":1,"href":"https:\/\/webdealta.info\/index.php?rest_route=\/wp\/v2\/posts\/6043\/revisions"}],"predecessor-version":[{"id":6045,"href":"https:\/\/webdealta.info\/index.php?rest_route=\/wp\/v2\/posts\/6043\/revisions\/6045"}],"wp:featuredmedia":[{"embeddable":true,"href":"https:\/\/webdealta.info\/index.php?rest_route=\/wp\/v2\/media\/6044"}],"wp:attachment":[{"href":"https:\/\/webdealta.info\/index.php?rest_route=%2Fwp%2Fv2%2Fmedia&parent=6043"}],"wp:term":[{"taxonomy":"category","embeddable":true,"href":"https:\/\/webdealta.info\/index.php?rest_route=%2Fwp%2Fv2%2Fcategories&post=6043"},{"taxonomy":"post_tag","embeddable":true,"href":"https:\/\/webdealta.info\/index.php?rest_route=%2Fwp%2Fv2%2Ftags&post=6043"}],"curies":[{"name":"wp","href":"https:\/\/api.w.org\/{rel}","templated":true}]}}