{"id":6039,"date":"2022-12-01T21:16:56","date_gmt":"2022-12-02T01:16:56","guid":{"rendered":"https:\/\/webdealta.info\/?p=6039"},"modified":"2022-12-01T21:16:56","modified_gmt":"2022-12-02T01:16:56","slug":"iee-altagracia-resalta-semana-de-las-personas-con-discapacidad","status":"publish","type":"post","link":"https:\/\/webdealta.info\/?p=6039","title":{"rendered":"IEE Altagracia resalta Semana de las Personas con Discapacidad"},"content":{"rendered":"\n<p>Amanda Saldivia.-<\/p>\n\n\n\n<p>Con un amplio programa que culmina el pr\u00f3ximo lunes 5 de diciembre, el Instituto de Educaci\u00f3n Especial Altagracia celebra la Semana de las Personas con Discapacidad, para reforzar el mensaje de que \u201cser diferente es algo com\u00fan\u201d.<\/p>\n\n\n\n<p>La directora del IEE Altagracia, licenciada Marcia Vel\u00e1squez, en un contacto con la Web de Altagracia especific\u00f3 que las actividades iniciaron el pasado mi\u00e9rcoles 30 de noviembre, con la elaboraci\u00f3n de afiches alusivos a la fecha, charla de sensibilizaci\u00f3n dirigido a los padres y el jueves primero de diciembre hubo bailoterapia y din\u00e1micas sorpresa.<\/p>\n\n\n\n<p>Para el viernes 2 de diciembre \u2013 agreg\u00f3 Vel\u00e1squez- est\u00e1 prevista una jornada de inducci\u00f3n a los estudiantes de la U.E.C. Batalla de la Victoria, a cargo del profesor Delvis Zapata, adem\u00e1s del concierto Juntos el D\u00eda de las Personas con Discapacidad en la sede de la orquesta sinf\u00f3nica Rafael Magdaleno Infante Bandres, a las 2:30 pm.<\/p>\n\n\n\n<p>Igualmente, la directora del IEE Altagracia, se\u00f1al\u00f3 que el s\u00e1bado 3 de diciembre, fecha designada por la Organizaci\u00f3n de las Naciones Unidas para celebrar el D\u00eda Internacional de las Personas con Discapacidad, se difundir\u00e1 un video por distintas plataformas digitales, mientras que el domingo 4 se elevar\u00e1n oraciones en las iglesias de las diferentes parroquias del municipio Monagas.<\/p>\n\n\n\n<p>Por \u00faltimo, dijo que el cierre de la programaci\u00f3n ser\u00e1 el lunes 5 de diciembre con un parrand\u00f3n navide\u00f1o y el compartir.<\/p>\n\n\n\n<p>Es importante, precisar que desde el a\u00f1o 1992 fue declarado el 3 de diciembre como D\u00eda Internacional de las Personas con Discapacidad, con el objetivo de promover los \u201cderechos y el bienestar en todos los \u00e1mbitos de la sociedad y el desarrollo\u00bb.<\/p>\n\n\n\n<p>@amandasaldivia  <\/p>\n\n\n\n<p><\/p>\n","protected":false},"excerpt":{"rendered":"<p>Amanda Saldivia.- Con un amplio programa que culmina el pr\u00f3ximo lunes 5 de diciembre, el Instituto de Educaci\u00f3n Especial Altagracia celebra la Semana de las Personas con Discapacidad, para reforzar el mensaje de que \u201cser diferente es algo com\u00fan\u201d. La directora del IEE Altagracia, licenciada Marcia Vel\u00e1squez, en un contacto<\/p>\n","protected":false},"author":2,"featured_media":6040,"comment_status":"open","ping_status":"open","sticky":false,"template":"","format":"standard","meta":{"advanced_seo_description":"","jetpack_seo_html_title":"","jetpack_seo_noindex":false,"_jetpack_memberships_contains_paid_content":false,"footnotes":"","jetpack_publicize_message":"","jetpack_publicize_feature_enabled":true,"jetpack_social_post_already_shared":true,"jetpack_social_options":{"image_generator_settings":{"template":"highway","enabled":false},"version":2}},"categories":[117],"tags":[8,7,32],"class_list":["post-6039","post","type-post","status-publish","format-standard","has-post-thumbnail","hentry","category-celebracion","tag-altagraciadeorituco","tag-guarico","tag-webdealta",""],"jetpack_publicize_connections":[],"jetpack_featured_media_url":"https:\/\/webdealta.info\/wp-content\/uploads\/2022\/12\/IEE-altagracia-webdealta-1.png","jetpack_sharing_enabled":true,"jetpack_likes_enabled":true,"jetpack-related-posts":[],"jetpack_shortlink":"https:\/\/wp.me\/pcseDn-1zp","_links":{"self":[{"href":"https:\/\/webdealta.info\/index.php?rest_route=\/wp\/v2\/posts\/6039","targetHints":{"allow":["GET"]}}],"collection":[{"href":"https:\/\/webdealta.info\/index.php?rest_route=\/wp\/v2\/posts"}],"about":[{"href":"https:\/\/webdealta.info\/index.php?rest_route=\/wp\/v2\/types\/post"}],"author":[{"embeddable":true,"href":"https:\/\/webdealta.info\/index.php?rest_route=\/wp\/v2\/users\/2"}],"replies":[{"embeddable":true,"href":"https:\/\/webdealta.info\/index.php?rest_route=%2Fwp%2Fv2%2Fcomments&post=6039"}],"version-history":[{"count":1,"href":"https:\/\/webdealta.info\/index.php?rest_route=\/wp\/v2\/posts\/6039\/revisions"}],"predecessor-version":[{"id":6041,"href":"https:\/\/webdealta.info\/index.php?rest_route=\/wp\/v2\/posts\/6039\/revisions\/6041"}],"wp:featuredmedia":[{"embeddable":true,"href":"https:\/\/webdealta.info\/index.php?rest_route=\/wp\/v2\/media\/6040"}],"wp:attachment":[{"href":"https:\/\/webdealta.info\/index.php?rest_route=%2Fwp%2Fv2%2Fmedia&parent=6039"}],"wp:term":[{"taxonomy":"category","embeddable":true,"href":"https:\/\/webdealta.info\/index.php?rest_route=%2Fwp%2Fv2%2Fcategories&post=6039"},{"taxonomy":"post_tag","embeddable":true,"href":"https:\/\/webdealta.info\/index.php?rest_route=%2Fwp%2Fv2%2Ftags&post=6039"}],"curies":[{"name":"wp","href":"https:\/\/api.w.org\/{rel}","templated":true}]}}