{"id":6027,"date":"2022-11-29T22:06:13","date_gmt":"2022-11-30T02:06:13","guid":{"rendered":"https:\/\/webdealta.info\/?p=6027"},"modified":"2022-11-29T22:06:14","modified_gmt":"2022-11-30T02:06:14","slug":"actualizan-ordenanza-para-normar-comercio-informal-en-altagracia","status":"publish","type":"post","link":"https:\/\/webdealta.info\/?p=6027","title":{"rendered":"Actualizan ordenanza para normar comercio informal en Altagracia"},"content":{"rendered":"\n<p>Amanda Saldivia.-<\/p>\n\n\n\n<p>El Concejo Municipal sac\u00f3 a consulta ciudadana la ordenanza de Comercio Informal, con la cual se pretende normar la venta en los espacios p\u00fablicos y dar un lapso de 45 d\u00edas, luego de su aprobaci\u00f3n, para que reine el orden en las calles de Altagracia de Orituco.<\/p>\n\n\n\n<p>El concejal Julio Silvera, presidente de ese \u00f3rgano legislativo, dej\u00f3 claro que no se trata de ir contra quienes se dedican al comercio informal, sino determinar, por medio de la direcci\u00f3n de Desarrollo Urbano de la alcald\u00eda del municipio Monagas, los espacios a utilizarse.<\/p>\n\n\n\n<p>Igualmente, se\u00f1al\u00f3 que debe existir un compromiso por parte de quienes se dedican a esa actividad, para que respeten la normativa en concordancia a la ordenanza que se aprobar\u00e1 antes de que finalice el 2022, adem\u00e1s de que cumplan otras disposiciones relacionadas al \u00e1rea sanitaria, eso en referencia a la venta de alimentos y otras pr\u00e1cticas en la v\u00eda p\u00fablica.<\/p>\n\n\n\n<p>El alcance que tendr\u00e1 la ordenanza fue explicado en el programa Tiempo de Cambios de este martes 29 de noviembre, en el cual el concejal Silvera anunci\u00f3 que el proceso de consulta se hizo p\u00fablico por medio de Activa 104.9 FM, as\u00ed como tambi\u00e9n directamente en la sede del Concejo Municipal.<\/p>\n\n\n\n<p>Sobre este \u00faltimo aspecto precis\u00f3 que, en horas de la ma\u00f1ana, los concejales convocaron a vendedores informales, artesanos, emprendedores y comerciantes afiliados a la C\u00e1mara de Comercio, a los fines de dar a conocer el instrumento legal.<\/p>\n\n\n\n<p>Durante la entrevista hizo \u00e9nfasis en el car\u00e1cter organizativo que pretende la ordenanza, adem\u00e1s de adecuarla para que los tributos se ajusten a la situaci\u00f3n actual y con una clasificaci\u00f3n de la actividad informal que incluya zona, metros cuadrados y d\u00edas para el expendio, de manera de que el pago se haga lo m\u00e1s equitativamente posible.<\/p>\n\n\n\n<p>Invit\u00f3 a los radioescuchas a elevar sus planteamientos ante el Concejo Municipal, sobre esta y otras ordenanzas que ser\u00e1n discutidas en los pr\u00f3ximos, d\u00edas, entre ella la vinculada con la creaci\u00f3n del Instituto Municipal de Turismo. &nbsp;<\/p>\n\n\n\n<p>@amandasaldivia  <\/p>\n\n\n\n<p><\/p>\n","protected":false},"excerpt":{"rendered":"<p>Amanda Saldivia.- El Concejo Municipal sac\u00f3 a consulta ciudadana la ordenanza de Comercio Informal, con la cual se pretende normar la venta en los espacios p\u00fablicos y dar un lapso de 45 d\u00edas, luego de su aprobaci\u00f3n, para que reine el orden en las calles de Altagracia de Orituco. El<\/p>\n","protected":false},"author":2,"featured_media":1965,"comment_status":"open","ping_status":"open","sticky":false,"template":"","format":"standard","meta":{"advanced_seo_description":"","jetpack_seo_html_title":"","jetpack_seo_noindex":false,"_jetpack_memberships_contains_paid_content":false,"footnotes":"","jetpack_publicize_message":"","jetpack_publicize_feature_enabled":true,"jetpack_social_post_already_shared":true,"jetpack_social_options":{"image_generator_settings":{"template":"highway","enabled":false},"version":2}},"categories":[15],"tags":[8,7,32],"class_list":["post-6027","post","type-post","status-publish","format-standard","has-post-thumbnail","hentry","category-municipalidad","tag-altagraciadeorituco","tag-guarico","tag-webdealta",""],"jetpack_publicize_connections":[],"jetpack_featured_media_url":"https:\/\/webdealta.info\/wp-content\/uploads\/2021\/04\/Calle-Ilustres-Webdealta.jpg","jetpack_sharing_enabled":true,"jetpack_likes_enabled":true,"jetpack-related-posts":[],"jetpack_shortlink":"https:\/\/wp.me\/pcseDn-1zd","_links":{"self":[{"href":"https:\/\/webdealta.info\/index.php?rest_route=\/wp\/v2\/posts\/6027","targetHints":{"allow":["GET"]}}],"collection":[{"href":"https:\/\/webdealta.info\/index.php?rest_route=\/wp\/v2\/posts"}],"about":[{"href":"https:\/\/webdealta.info\/index.php?rest_route=\/wp\/v2\/types\/post"}],"author":[{"embeddable":true,"href":"https:\/\/webdealta.info\/index.php?rest_route=\/wp\/v2\/users\/2"}],"replies":[{"embeddable":true,"href":"https:\/\/webdealta.info\/index.php?rest_route=%2Fwp%2Fv2%2Fcomments&post=6027"}],"version-history":[{"count":1,"href":"https:\/\/webdealta.info\/index.php?rest_route=\/wp\/v2\/posts\/6027\/revisions"}],"predecessor-version":[{"id":6028,"href":"https:\/\/webdealta.info\/index.php?rest_route=\/wp\/v2\/posts\/6027\/revisions\/6028"}],"wp:featuredmedia":[{"embeddable":true,"href":"https:\/\/webdealta.info\/index.php?rest_route=\/wp\/v2\/media\/1965"}],"wp:attachment":[{"href":"https:\/\/webdealta.info\/index.php?rest_route=%2Fwp%2Fv2%2Fmedia&parent=6027"}],"wp:term":[{"taxonomy":"category","embeddable":true,"href":"https:\/\/webdealta.info\/index.php?rest_route=%2Fwp%2Fv2%2Fcategories&post=6027"},{"taxonomy":"post_tag","embeddable":true,"href":"https:\/\/webdealta.info\/index.php?rest_route=%2Fwp%2Fv2%2Ftags&post=6027"}],"curies":[{"name":"wp","href":"https:\/\/api.w.org\/{rel}","templated":true}]}}