{"id":6016,"date":"2022-11-28T23:06:32","date_gmt":"2022-11-29T03:06:32","guid":{"rendered":"https:\/\/webdealta.info\/?p=6016"},"modified":"2022-11-28T23:06:33","modified_gmt":"2022-11-29T03:06:33","slug":"cambios-coronel-vivas-deja-la-adi-tamanaco","status":"publish","type":"post","link":"https:\/\/webdealta.info\/?p=6016","title":{"rendered":"Cambios: coronel Vivas deja la ADI Tamanaco"},"content":{"rendered":"\n<p>Amanda Saldivia.-<\/p>\n\n\n\n<p>Luego de cuatro a\u00f1os, el coronel Walner Vivas, comandante del \u00c1rea de Defensa Integral Tamanaco 355, que abarca los municipios Monagas, Guaribe y Chaguaramas, deja esa responsabilidad para asumir otra ADI en el estado Aragua.<\/p>\n\n\n\n<p>As\u00ed lo confirm\u00f3 en el programa Tiempo de Cambios de este lunes 28 de noviembre, en el cual aprovecho la oportunidad para agradecer a los representantes de las instituciones y especialmente a los 8 mil 470 milicianos \u201cen pie de lucha\u201d, expresi\u00f3n que utiliza para los activos en esos tres municipios de estado Gu\u00e1rico, porque registrados hay m\u00e1s de 32 mil.<\/p>\n\n\n\n<p>Durante el desarrollo del programa radial, transmitido a trav\u00e9s de la emisora Activa 104.9 FM de Altagracia de Orituco, destac\u00f3 algunos hechos importantes que marcaron su desempe\u00f1o como comandante de la ADI Tamanaco, entre ellos las acciones para frenar el covid-19.<\/p>\n\n\n\n<p>\u201cLa pandemia marc\u00f3 un hecho important\u00edsimo en esta gesti\u00f3n de trabajo, en particular en la m\u00eda\u2026nosotros tenemos un r\u00e9cord, el municipio Monagas fue uno de los \u00faltimos donde hubo caso de covid-19, pasamos como seis o siete meses en llegar casos\u201d, resalt\u00f3 el general Vivas.<\/p>\n\n\n\n<p>Al referirse a su vinculaci\u00f3n con esta tierra guarique\u00f1a, se\u00f1al\u00f3 que ha trabajado en \u201cmuchos lugares, pero las particularidades de Altagracia, Guaribe y Chaguaramas hace que uno se sienta de aqu\u00ed\u2026el entorno de trabajo pasa de ser subordinado o subalterno, a familia\u201d<\/p>\n\n\n\n<p>Para el coronel Walner Vivas, el equipo de la ADI es el mejor que ha tenido en toda su carrera y al preguntarle qu\u00e9 los distingu\u00eda dijo que \u201ctienen compromiso, lealtad, responsabilidad y sobre todo patriotismo, sin nada a cambio, ellos hacen el trabajo\u201d.<\/p>\n\n\n\n<p>Recalc\u00f3 que deja el pueblo con nostalgia y mencion\u00f3 de manera especial a quienes estuvieron con \u00e9l al momento de enfrentar la pandemia, entre ellos a la exalcaldesa Tania Sierra, al Dr. Arqu\u00edmedes M\u00e1rquez, al coronel Denis Dur\u00e1n, comandante del cuerpo de bomberos, a Wilmer Fern\u00e1ndez de Protecci\u00f3n Civil, al profesor Juan Bandr\u00e9s y recientemente el trabajo que le toc\u00f3 con el alcalde Pedro Sol\u00f3rzano, los concejales y el equipo integrado por Luis del Corral y Dulce Meza.<\/p>\n\n\n\n<p>Ratific\u00f3 que estar\u00e1 siempre a la orden en donde se encuentre, para ayudar, orientar o simplemente para recibir un mensaje de la gente amiga que deja en esta poblaci\u00f3n. <\/p>\n\n\n\n<p>Sobre la transmisi\u00f3n de mando, dijo que hasta el momento est\u00e1n en el proceso administrativo que implica dejar el cargo al nuevo comandante, el coronel Araque. <\/p>\n\n\n\n<p>@amandasaldivia   <\/p>\n\n\n\n<p><\/p>\n","protected":false},"excerpt":{"rendered":"<p>Amanda Saldivia.- Luego de cuatro a\u00f1os, el coronel Walner Vivas, comandante del \u00c1rea de Defensa Integral Tamanaco 355, que abarca los municipios Monagas, Guaribe y Chaguaramas, deja esa responsabilidad para asumir otra ADI en el estado Aragua. As\u00ed lo confirm\u00f3 en el programa Tiempo de Cambios de este lunes 28<\/p>\n","protected":false},"author":2,"featured_media":6017,"comment_status":"open","ping_status":"open","sticky":false,"template":"","format":"standard","meta":{"advanced_seo_description":"","jetpack_seo_html_title":"","jetpack_seo_noindex":false,"_jetpack_memberships_contains_paid_content":false,"footnotes":"","jetpack_publicize_message":"","jetpack_publicize_feature_enabled":true,"jetpack_social_post_already_shared":true,"jetpack_social_options":{"image_generator_settings":{"template":"highway","enabled":false},"version":2}},"categories":[296],"tags":[8,7,32],"class_list":["post-6016","post","type-post","status-publish","format-standard","has-post-thumbnail","hentry","category-reconocimiento","tag-altagraciadeorituco","tag-guarico","tag-webdealta",""],"jetpack_publicize_connections":[],"jetpack_featured_media_url":"https:\/\/webdealta.info\/wp-content\/uploads\/2022\/11\/webdealta-coronel-vivas.jpg","jetpack_sharing_enabled":true,"jetpack_likes_enabled":true,"jetpack-related-posts":[],"jetpack_shortlink":"https:\/\/wp.me\/pcseDn-1z2","_links":{"self":[{"href":"https:\/\/webdealta.info\/index.php?rest_route=\/wp\/v2\/posts\/6016","targetHints":{"allow":["GET"]}}],"collection":[{"href":"https:\/\/webdealta.info\/index.php?rest_route=\/wp\/v2\/posts"}],"about":[{"href":"https:\/\/webdealta.info\/index.php?rest_route=\/wp\/v2\/types\/post"}],"author":[{"embeddable":true,"href":"https:\/\/webdealta.info\/index.php?rest_route=\/wp\/v2\/users\/2"}],"replies":[{"embeddable":true,"href":"https:\/\/webdealta.info\/index.php?rest_route=%2Fwp%2Fv2%2Fcomments&post=6016"}],"version-history":[{"count":1,"href":"https:\/\/webdealta.info\/index.php?rest_route=\/wp\/v2\/posts\/6016\/revisions"}],"predecessor-version":[{"id":6018,"href":"https:\/\/webdealta.info\/index.php?rest_route=\/wp\/v2\/posts\/6016\/revisions\/6018"}],"wp:featuredmedia":[{"embeddable":true,"href":"https:\/\/webdealta.info\/index.php?rest_route=\/wp\/v2\/media\/6017"}],"wp:attachment":[{"href":"https:\/\/webdealta.info\/index.php?rest_route=%2Fwp%2Fv2%2Fmedia&parent=6016"}],"wp:term":[{"taxonomy":"category","embeddable":true,"href":"https:\/\/webdealta.info\/index.php?rest_route=%2Fwp%2Fv2%2Fcategories&post=6016"},{"taxonomy":"post_tag","embeddable":true,"href":"https:\/\/webdealta.info\/index.php?rest_route=%2Fwp%2Fv2%2Ftags&post=6016"}],"curies":[{"name":"wp","href":"https:\/\/api.w.org\/{rel}","templated":true}]}}