{"id":5999,"date":"2022-11-27T21:25:10","date_gmt":"2022-11-28T01:25:10","guid":{"rendered":"https:\/\/webdealta.info\/?p=5999"},"modified":"2022-11-27T21:25:11","modified_gmt":"2022-11-28T01:25:11","slug":"otro-paso-para-elevar-propuesta-de-guarico-como-zona-economica-especial","status":"publish","type":"post","link":"https:\/\/webdealta.info\/?p=5999","title":{"rendered":"Otro paso para elevar propuesta de Gu\u00e1rico como Zona Econ\u00f3mica Especial"},"content":{"rendered":"\n<p>Amanda Saldivia.-<\/p>\n\n\n\n<p>La presencia del diputado (AN-AD), Luis Eduardo Mart\u00ednez, corredactor de la Ley de Zonas Econ\u00f3micas Especiales (ZEE), en la sede de la C\u00e1mara de Comercio de Valle de la Pascua, es un paso m\u00e1s para lograr que Gu\u00e1rico sea incluida en los proyectos de inversi\u00f3n nacional e internacional que impulsen el desarrollo de la entidad. \u00a0<\/p>\n\n\n\n<p>La primera propuesta sobre la posibilidad de que Gu\u00e1rico sea declarado ZEE, la hizo el Dr. Nicol\u00e1s Espinoza, miembro de la ONG Plataforma Agroalimentaria, en un encuentro celebrado el pasado 27 de agosto en Altagracia de Orituco, con el auspicio de la C\u00e1mara de Comercio del municipio Monagas, al cual asisti\u00f3 Junior Mart\u00ednez, presidente de Fedec\u00e1maras Gu\u00e1rico, entre otros representantes gremiales.<\/p>\n\n\n\n<p>Ah\u00ed se plante\u00f3 la necesidad de invitar al diputado Luis Eduardo Mart\u00ednez y ampliar la convocatoria a otros actores pol\u00edticos, gremiales y de la sociedad civil de Gu\u00e1rico, encuentro que se cristaliz\u00f3 el pasado s\u00e1bado 26 de noviembre en la sede de la C\u00e1mara de Comercio de Valle de la Pascua.<\/p>\n\n\n\n<p>Al finalizar el foro, el diputado Luis Eduardo Mart\u00ednez se\u00f1al\u00f3 que m\u00e1s all\u00e1 de lo que expresa la Ley y sus bondades, est\u00e1 el hecho de que \u201ctodos, absolutamente todos los factores de la vida regional, deben unirse, empe\u00f1arse para sacar adelante a esta bella tierra\u2026Gu\u00e1rico tiene por delante grandes oportunidades, pero para ello es necesario el trabajo sin ning\u00fan tipo de mezquindad ni confrontaci\u00f3n\u201d.<\/p>\n\n\n\n<p>Es importante destacar, que al encuentro tambi\u00e9n asisti\u00f3 el alcalde de Valle de la Pascua Ram\u00f3n Pi\u00f1ango, as\u00ed como tambi\u00e9n el diputado Eduardo Puerta (AN-PSUV), quien al declarar precis\u00f3 que entre las inversiones que se vislumbran est\u00e1 la construcci\u00f3n de \u201cun puerto de alto calado fluvial en el eje Orinoco \u2013 Apure\u201d, espec\u00edficamente en la poblaci\u00f3n de Cabruta.<\/p>\n\n\n\n<p>Sobre este particular, precis\u00f3 que eso permitir\u00eda que Gu\u00e1rico tenga \u201cnuestro propio puerto para aguas internacionales y sacar toda la producci\u00f3n del estado\u201d, antecedido de inversi\u00f3n para rehabilitar la vialidad hacia Cabruta.<\/p>\n\n\n\n<p>As\u00ed mismo, se\u00f1al\u00f3 que se constituy\u00f3 una comisi\u00f3n promotora, la cual estar\u00e1 integrada por \u201clas c\u00e1maras municipales, algunos alcaldes aliados, la Gobernaci\u00f3n del Estado, el Consejo Legislativo y levantar un papel de primera intenci\u00f3n, una ruta de lo que debe ser esta Zona Econ\u00f3mica Especial y por supuesto el apuntalamiento con inversi\u00f3n nacional e internacional\u201d.<\/p>\n\n\n\n<p><strong>Altagracia presente<\/strong><\/p>\n\n\n\n<p>Para Nohelia Guti\u00e9rrez, dirigente del partido Primera Justicia y productora agropecuaria, presente en la actividad por parte de la delegaci\u00f3n de Altagracia de Orituco, la importancia de impulsar la propuesta radica en la necesaria reactivaci\u00f3n de las empresas locales, entre ellas la planta procesadora de tomate.<\/p>\n\n\n\n<p>En sus palabras tambi\u00e9n destac\u00f3 la potencialidad de esta regi\u00f3n del estado Gu\u00e1rico, en cuanto a la producci\u00f3n de ganader\u00eda de doble prop\u00f3sito, la siembra de cereales y hortalizas, adem\u00e1s de la infraestructura que pudiera apuntalarla, si se recupera el sistema de riego Guanapito.<\/p>\n\n\n\n<p>Ahora la expectativa est\u00e1 centrada en los pr\u00f3ximos pasos que se dar\u00e1n, entre ellos el trabajo de la comisi\u00f3n promotora, la cual tambi\u00e9n estar\u00e1 integrada por Junior Mart\u00ednez, presidente de Fedec\u00e1mara Gu\u00e1rico.<\/p>\n\n\n\n<p>@amandasaldivia  <\/p>\n\n\n\n<p><\/p>\n","protected":false},"excerpt":{"rendered":"<p>Amanda Saldivia.- La presencia del diputado (AN-AD), Luis Eduardo Mart\u00ednez, corredactor de la Ley de Zonas Econ\u00f3micas Especiales (ZEE), en la sede de la C\u00e1mara de Comercio de Valle de la Pascua, es un paso m\u00e1s para lograr que Gu\u00e1rico sea incluida en los proyectos de inversi\u00f3n nacional e internacional<\/p>\n","protected":false},"author":2,"featured_media":6000,"comment_status":"open","ping_status":"open","sticky":false,"template":"","format":"standard","meta":{"advanced_seo_description":"","jetpack_seo_html_title":"","jetpack_seo_noindex":false,"_jetpack_memberships_contains_paid_content":false,"footnotes":"","jetpack_publicize_message":"","jetpack_publicize_feature_enabled":true,"jetpack_social_post_already_shared":true,"jetpack_social_options":{"image_generator_settings":{"template":"highway","enabled":false},"version":2}},"categories":[298],"tags":[8,7,32],"class_list":["post-5999","post","type-post","status-publish","format-standard","has-post-thumbnail","hentry","category-economia","tag-altagraciadeorituco","tag-guarico","tag-webdealta",""],"jetpack_publicize_connections":[],"jetpack_featured_media_url":"https:\/\/webdealta.info\/wp-content\/uploads\/2022\/11\/Webdealta-zee.png","jetpack_sharing_enabled":true,"jetpack_likes_enabled":true,"jetpack-related-posts":[],"jetpack_shortlink":"https:\/\/wp.me\/pcseDn-1yL","_links":{"self":[{"href":"https:\/\/webdealta.info\/index.php?rest_route=\/wp\/v2\/posts\/5999","targetHints":{"allow":["GET"]}}],"collection":[{"href":"https:\/\/webdealta.info\/index.php?rest_route=\/wp\/v2\/posts"}],"about":[{"href":"https:\/\/webdealta.info\/index.php?rest_route=\/wp\/v2\/types\/post"}],"author":[{"embeddable":true,"href":"https:\/\/webdealta.info\/index.php?rest_route=\/wp\/v2\/users\/2"}],"replies":[{"embeddable":true,"href":"https:\/\/webdealta.info\/index.php?rest_route=%2Fwp%2Fv2%2Fcomments&post=5999"}],"version-history":[{"count":1,"href":"https:\/\/webdealta.info\/index.php?rest_route=\/wp\/v2\/posts\/5999\/revisions"}],"predecessor-version":[{"id":6001,"href":"https:\/\/webdealta.info\/index.php?rest_route=\/wp\/v2\/posts\/5999\/revisions\/6001"}],"wp:featuredmedia":[{"embeddable":true,"href":"https:\/\/webdealta.info\/index.php?rest_route=\/wp\/v2\/media\/6000"}],"wp:attachment":[{"href":"https:\/\/webdealta.info\/index.php?rest_route=%2Fwp%2Fv2%2Fmedia&parent=5999"}],"wp:term":[{"taxonomy":"category","embeddable":true,"href":"https:\/\/webdealta.info\/index.php?rest_route=%2Fwp%2Fv2%2Fcategories&post=5999"},{"taxonomy":"post_tag","embeddable":true,"href":"https:\/\/webdealta.info\/index.php?rest_route=%2Fwp%2Fv2%2Ftags&post=5999"}],"curies":[{"name":"wp","href":"https:\/\/api.w.org\/{rel}","templated":true}]}}