{"id":5955,"date":"2022-11-26T11:46:33","date_gmt":"2022-11-26T15:46:33","guid":{"rendered":"https:\/\/webdealta.info\/?p=5955"},"modified":"2022-11-26T11:46:34","modified_gmt":"2022-11-26T15:46:34","slug":"experiencia-de-altagracia-es-ejemplo-en-conferencia-cop27-sobre-cambio-climatico","status":"publish","type":"post","link":"https:\/\/webdealta.info\/?p=5955","title":{"rendered":"<strong>Experiencia de Altagracia es ejemplo en conferencia COP27 sobre cambio clim\u00e1tico<\/strong>"},"content":{"rendered":"\n<p><strong>Evelin Antolinez.-<\/strong><\/p>\n\n\n\n<p>La Conferencia de las Naciones Unidas sobre el Cambio Clim\u00e1tico de 2022, COP27, que se reuni\u00f3 en la ciudad de Sharm El-Sheikh (Egipto) con m\u00e1s de 35.000 delegados, entre representantes de gobiernos, m\u00e1s de 100 jefes de Estado, entre ellos al presidente de Venezuela, as\u00ed como a distintas ONG, empresas, cient\u00edficos, portavoces de la sociedad civil, entre otros, es un espacio para debatir y definir las acciones que se adoptar\u00e1n para hacer frente a un desaf\u00edo global como es el cambio clim\u00e1tico, que est\u00e1 afectando de diversas formas a la poblaci\u00f3n mundial.<\/p>\n\n\n\n<p>En ese contexto, los asistentes al Pabell\u00f3n que tiene la Organizaci\u00f3n de las Naciones Unidas para la Agricultura y la Alimentaci\u00f3n (FAO) en la COP27, pueden conocer el trabajo que viene desempe\u00f1ando el Grupo Social CESAP, a trav\u00e9s de su asociada, la Asociaci\u00f3n Civil &nbsp;Acci\u00f3n Campesina, en m\u00e1s de 30 municipios del pa\u00eds, con el Proyecto Huertos Familiares.<\/p>\n\n\n\n<p>\u201cA trav\u00e9s del relato de Dorkas Pablique, una de las participante del proyecto en Altagracia de Orituco, municipio Jos\u00e9 Tadeo Monagas, estado Gu\u00e1rico, se cuenta una historia de resiliencia, de amor por los frutos de la tierra y de las satisfacciones que ella ha experimentado al incorporar nuevos rubros a su alimentaci\u00f3n diaria, as\u00ed como su agradecimiento a Acci\u00f3n Campesina por haber acercado esta iniciativa hasta su hogar. <\/p>\n\n\n\n<p>Esta es una de las \u00abHistorias de h\u00e9roes locales que luchan contra el cambio clim\u00e1tico, la biodiversidad y las crisis de desnutrici\u00f3n\u00bb que la FAO est\u00e1 presentando en el pabell\u00f3n dedicado a la alimentaci\u00f3n y la agricultura y donde se est\u00e1n dando cita l\u00edderes gubernamentales y comunitarios, agricultores, acad\u00e9micos y otros expertos para \u00a0tomar decisiones sobre posibles soluciones innovadoras que ayuden a los pa\u00edses a tomar medidas m\u00e1s efectivas contra el cambio clim\u00e1tico, en el marco de la cumbre de Egipto. Considero que esta es una gran oportunidad para que el mundo vea lo que hace Acci\u00f3n Campesina en el sector rural venezolano\u201d, asegur\u00f3 Evelin Antolinez, comunicadora social de Acci\u00f3n Campesina y productora del audiovisual.<\/p>\n\n\n\n<p><strong>La historia del audiovisual<\/strong><\/p>\n\n\n\n<p>Todo empez\u00f3 una ma\u00f1ana del mes de abril cuando revisando las redes sociales, Antolinez tropez\u00f3 con una convocatoria abierta de FAO, &nbsp;donde se invitaba a j\u00f3venes latinoamericanos a participar en una capacitaci\u00f3n en narraci\u00f3n visual y, al final del proyecto, cada participante producir\u00eda un video documentando un tema sobre los desaf\u00edos de los cambios sociales, econ\u00f3micos y tecnol\u00f3gicos, incluidos aqu\u00e9llos que contribuyeran a mejorar la productividad agr\u00edcola, la seguridad alimentaria y sus medios de vida en el \u00e1mbito rural.<\/p>\n\n\n\n<p>\u201cAl ver la invitaci\u00f3n me gust\u00f3 la propuesta y me postul\u00e9, dejando en claro que, hace rato pas\u00e9 la edad requerida, pero que manten\u00eda mi esp\u00edritu joven y ten\u00eda las ganas de participar en el proyecto. Recib\u00ed un correo aceptando mi solicitud. La experiencia de trabajar con el equipo de <a href=\"mailto:Training@Spectacle.co.uk\">Training@Spectacle.co.uk<\/a> y de FAO, desde Roma, Italia y con los participantes, desde Ecuador, Venezuela, Kenia y otros pa\u00edses, ha sido maravillosa, de gran aprendizaje y una oportunidad de conocer nuevos amigos, como Michele de Laurenttis, Mark Saunders, ambos cineastas independientes de la empresa Spectacle Productions Ltd; de Bianca Carlesi R, Communication focal point de FAO Division (ESN), Rome, Italy, de Dennis de Ecuador, entre otros. Editar a distancia obliga a ser m\u00e1s disciplinados y m\u00e1s organizados. Mi mayor sorpresa fue cuando me anunciaron que mi video hab\u00eda sido seleccionado para ser presentado en la COP27.\u201d<\/p>\n\n\n\n<p>Esta experiencia la rese\u00f1\u00f3 &nbsp;en Londres, UK, spectacle.co.uk\/spectacleblog\/: \u201cNos complace anunciar el lanzamiento en la COP27 de los dos primeros videos filmados y dirigidos por j\u00f3venes activistas como resultado de un proyecto de video participativo facilitado por Spectacle para las <em>Historias de h\u00e9roes locales que luchan contra el cambio clim\u00e1tico, la biodiversidad y las crisis de desnutrici\u00f3n <\/em>de la FAO.\u201d<\/p>\n\n\n\n<p>Uno de los dos es el m\u00edo, complet\u00f3 orgullosa, Evelin Antolinez, de Acci\u00f3n Campesina.<\/p>\n\n\n\n<p>Este audiovisual, junto al de Kenia, fue lanzado por la FAO, el 8 de noviembre de 2022 en la conferencia de las Naciones Unidas sobre el cambio clim\u00e1tico COP27, mostrado en pantallas gigantes dando la bienvenida a los visitantes al Pabell\u00f3n de la Alimentaci\u00f3n y la Agricultura en Egipto, y se sigue presentado durante todas las conferencias del pabell\u00f3n.<\/p>\n\n\n\n<p>Esos videos ahora se comparten en todo el mundo y permanecer\u00e1n disponibles en el canal de YouTube de la FAO, que tambi\u00e9n albergar\u00e1 otros 3 videos que se publicar\u00e1n en las pr\u00f3ximas semanas. De esta forma, la FAO ofrece a los participantes de Local Hero y sus historias una plataforma para generar conciencia sobre los efectos del cambio clim\u00e1tico y, lo que es m\u00e1s importante, para inspirar a otros con iniciativas locales destinadas a mitigar el impacto del cambio clim\u00e1tico, mejorar la biodiversidad y el acceso a alimentos sostenibles.<\/p>\n\n\n\n<figure class=\"wp-block-embed is-type-video is-provider-youtube wp-block-embed-youtube wp-embed-aspect-16-9 wp-has-aspect-ratio\"><div class=\"wp-block-embed__wrapper\">\n<iframe loading=\"lazy\" title=\"Stories from local heroes \u2013 Sowing satisfaction: Dorka\u2019s family garden\" width=\"640\" height=\"360\" src=\"https:\/\/www.youtube.com\/embed\/zLO6vnZLy9o?feature=oembed\" frameborder=\"0\" allow=\"accelerometer; autoplay; clipboard-write; encrypted-media; gyroscope; picture-in-picture; web-share\" referrerpolicy=\"strict-origin-when-cross-origin\" allowfullscreen><\/iframe>\n<\/div><\/figure>\n\n\n\n<p><em>A trav\u00e9s de un video colaborativo, producto de un taller de producci\u00f3n de audiovisuales organizado por la FAO, la historia de Dorkas Pablique, participante del componente Huertos familiares que ejecuta Acci\u00f3n Campesina, asociada del Grupo Social CESAP, en Altagracia de Orituco, fue conocida por los asistentes a la 27 Conferencia de las Naciones Unidas sobre el Cambio Clim\u00e1tico 2022, mejor conocida como COP27, que se celebra en Egipto desde el 6 al 18 de noviembre 2022.<\/em><\/p>\n\n\n\n<p><\/p>\n","protected":false},"excerpt":{"rendered":"<p>Evelin Antolinez.- La Conferencia de las Naciones Unidas sobre el Cambio Clim\u00e1tico de 2022, COP27, que se reuni\u00f3 en la ciudad de Sharm El-Sheikh (Egipto) con m\u00e1s de 35.000 delegados, entre representantes de gobiernos, m\u00e1s de 100 jefes de Estado, entre ellos al presidente de Venezuela, as\u00ed como a distintas<\/p>\n","protected":false},"author":2,"featured_media":5956,"comment_status":"open","ping_status":"open","sticky":false,"template":"","format":"standard","meta":{"advanced_seo_description":"","jetpack_seo_html_title":"","jetpack_seo_noindex":false,"_jetpack_memberships_contains_paid_content":false,"footnotes":"","jetpack_publicize_message":"","jetpack_publicize_feature_enabled":true,"jetpack_social_post_already_shared":true,"jetpack_social_options":{"image_generator_settings":{"template":"highway","enabled":false},"version":2}},"categories":[39],"tags":[8,7,32],"class_list":["post-5955","post","type-post","status-publish","format-standard","has-post-thumbnail","hentry","category-accion-campesina","tag-altagraciadeorituco","tag-guarico","tag-webdealta",""],"jetpack_publicize_connections":[],"jetpack_featured_media_url":"https:\/\/webdealta.info\/wp-content\/uploads\/2022\/11\/dorkas-pablique-webdealta.png","jetpack_sharing_enabled":true,"jetpack_likes_enabled":true,"jetpack-related-posts":[],"jetpack_shortlink":"https:\/\/wp.me\/pcseDn-1y3","_links":{"self":[{"href":"https:\/\/webdealta.info\/index.php?rest_route=\/wp\/v2\/posts\/5955","targetHints":{"allow":["GET"]}}],"collection":[{"href":"https:\/\/webdealta.info\/index.php?rest_route=\/wp\/v2\/posts"}],"about":[{"href":"https:\/\/webdealta.info\/index.php?rest_route=\/wp\/v2\/types\/post"}],"author":[{"embeddable":true,"href":"https:\/\/webdealta.info\/index.php?rest_route=\/wp\/v2\/users\/2"}],"replies":[{"embeddable":true,"href":"https:\/\/webdealta.info\/index.php?rest_route=%2Fwp%2Fv2%2Fcomments&post=5955"}],"version-history":[{"count":1,"href":"https:\/\/webdealta.info\/index.php?rest_route=\/wp\/v2\/posts\/5955\/revisions"}],"predecessor-version":[{"id":5957,"href":"https:\/\/webdealta.info\/index.php?rest_route=\/wp\/v2\/posts\/5955\/revisions\/5957"}],"wp:featuredmedia":[{"embeddable":true,"href":"https:\/\/webdealta.info\/index.php?rest_route=\/wp\/v2\/media\/5956"}],"wp:attachment":[{"href":"https:\/\/webdealta.info\/index.php?rest_route=%2Fwp%2Fv2%2Fmedia&parent=5955"}],"wp:term":[{"taxonomy":"category","embeddable":true,"href":"https:\/\/webdealta.info\/index.php?rest_route=%2Fwp%2Fv2%2Fcategories&post=5955"},{"taxonomy":"post_tag","embeddable":true,"href":"https:\/\/webdealta.info\/index.php?rest_route=%2Fwp%2Fv2%2Ftags&post=5955"}],"curies":[{"name":"wp","href":"https:\/\/api.w.org\/{rel}","templated":true}]}}