{"id":5944,"date":"2022-11-23T22:02:39","date_gmt":"2022-11-24T02:02:39","guid":{"rendered":"https:\/\/webdealta.info\/?p=5944"},"modified":"2022-11-23T22:02:40","modified_gmt":"2022-11-24T02:02:40","slug":"concejo-municipal-aprobo-12-ordenanzas","status":"publish","type":"post","link":"https:\/\/webdealta.info\/?p=5944","title":{"rendered":"Concejo Municipal aprob\u00f3 12 ordenanzas"},"content":{"rendered":"\n<p>Amanda Saldivia.-<\/p>\n\n\n\n<p>Aunque dijo que no est\u00e1 satisfecho con el trabajo parlamentario, porque todav\u00eda hay mucho por hacer, el concejal Julio Silvera (PSUV), presidente de la Concejo del municipio Jos\u00e9 Tadeo Monagas, present\u00f3 el balance de gesti\u00f3n desde enero a la fecha, en el cual se contabilizan 12 ordenanzas aprobadas, la mayor\u00eda relacionadas con la actualizaci\u00f3n de las al\u00edcuotas de los impuestos.<\/p>\n\n\n\n<p>Entre ellas, mencion\u00f3 la reforma a la ordenanza de la Fundaci\u00f3n de Vivienda y H\u00e1bitat, actividades econ\u00f3micas, impuestos a veh\u00edculos, aseo urbano, propaganda y publicidad, regulaci\u00f3n de expendio de bebidas alcoh\u00f3licas, funcionamiento de Protecci\u00f3n Civil y la condecoraci\u00f3n orden al m\u00e9rito Pedro Chac\u00edn, dirigida al gremio de comunicadores sociales.<\/p>\n\n\n\n<p>En referencia a las declaraciones ofrecidas semanas atr\u00e1s por el concejal Luis Laya (MUD), en referencia a la existencia de dos proyectos de ordenanzas de deporte, dijo que no era cierto, que hubo objeciones a la propuesta del edil, motivo por el cual siguen las deliberaciones en el seno de ese \u00f3rgano legislativo.<\/p>\n\n\n\n<p>Dej\u00f3 claro que reconoce el trabajo que viene realizando el concejal de oposici\u00f3n, pero no le parecen correctos los porcentajes planteados, porque cada a\u00f1o fiscal es distinto y podr\u00eda convertirse en una \u201ccamisa de fuerza\u201d para la administraci\u00f3n municipal.<\/p>\n\n\n\n<p>Sobre los proyectos que ya tienen la segunda discusi\u00f3n y esperan tener listos antes de que culmine el a\u00f1o 2022, est\u00e1 la ordenanza de Turismo y las condecoraciones orden ciudad Altagracia, bot\u00f3n de la ciudad, orden de la amistad y t\u00edtulo de hijo adoptivo e ilustre, as\u00ed como tambi\u00e9n el presupuesto para el a\u00f1o 2023 que ser\u00e1 entregado pr\u00f3ximamente por el alcalde Pedro Sol\u00f3rzano.<\/p>\n\n\n\n<p>El balance del concejal Julio Silvera fue presentado en el programa Tiempo de Cambios que se transmite por la emisora Activa 104.9 FM de Altagracia de Orituco, donde se le pregunt\u00f3 sobra la ejecuci\u00f3n de obras aprobadas, entre ellas 200 toneladas de asfalto para mejoras en las v\u00edas principales de la poblaci\u00f3n.<\/p>\n\n\n\n<p>Sobre este aspecto, dijo que las condiciones clim\u00e1ticas que prevalecieron en los \u00faltimos meses, ha sido la principal limitante para esa ejecuci\u00f3n, pero sabe que eso se cumplir\u00e1, porque conf\u00eda en la visi\u00f3n gerencial del alcalde Pedro Sol\u00f3rzano, quien exige m\u00e1s del desempe\u00f1o del equipo de trabajo.<\/p>\n\n\n\n<p>@amandasaldivia  <\/p>\n\n\n\n<p><\/p>\n","protected":false},"excerpt":{"rendered":"<p>Amanda Saldivia.- Aunque dijo que no est\u00e1 satisfecho con el trabajo parlamentario, porque todav\u00eda hay mucho por hacer, el concejal Julio Silvera (PSUV), presidente de la Concejo del municipio Jos\u00e9 Tadeo Monagas, present\u00f3 el balance de gesti\u00f3n desde enero a la fecha, en el cual se contabilizan 12 ordenanzas aprobadas,<\/p>\n","protected":false},"author":2,"featured_media":5945,"comment_status":"open","ping_status":"open","sticky":false,"template":"","format":"standard","meta":{"advanced_seo_description":"","jetpack_seo_html_title":"","jetpack_seo_noindex":false,"_jetpack_memberships_contains_paid_content":false,"footnotes":"","jetpack_publicize_message":"","jetpack_publicize_feature_enabled":true,"jetpack_social_post_already_shared":true,"jetpack_social_options":{"image_generator_settings":{"template":"highway","enabled":false},"version":2}},"categories":[15],"tags":[8,7,32],"class_list":["post-5944","post","type-post","status-publish","format-standard","has-post-thumbnail","hentry","category-municipalidad","tag-altagraciadeorituco","tag-guarico","tag-webdealta",""],"jetpack_publicize_connections":[],"jetpack_featured_media_url":"https:\/\/webdealta.info\/wp-content\/uploads\/2022\/11\/webdealta-julio-silvera-concejal.jpg","jetpack_sharing_enabled":true,"jetpack_likes_enabled":true,"jetpack-related-posts":[],"jetpack_shortlink":"https:\/\/wp.me\/pcseDn-1xS","_links":{"self":[{"href":"https:\/\/webdealta.info\/index.php?rest_route=\/wp\/v2\/posts\/5944","targetHints":{"allow":["GET"]}}],"collection":[{"href":"https:\/\/webdealta.info\/index.php?rest_route=\/wp\/v2\/posts"}],"about":[{"href":"https:\/\/webdealta.info\/index.php?rest_route=\/wp\/v2\/types\/post"}],"author":[{"embeddable":true,"href":"https:\/\/webdealta.info\/index.php?rest_route=\/wp\/v2\/users\/2"}],"replies":[{"embeddable":true,"href":"https:\/\/webdealta.info\/index.php?rest_route=%2Fwp%2Fv2%2Fcomments&post=5944"}],"version-history":[{"count":1,"href":"https:\/\/webdealta.info\/index.php?rest_route=\/wp\/v2\/posts\/5944\/revisions"}],"predecessor-version":[{"id":5946,"href":"https:\/\/webdealta.info\/index.php?rest_route=\/wp\/v2\/posts\/5944\/revisions\/5946"}],"wp:featuredmedia":[{"embeddable":true,"href":"https:\/\/webdealta.info\/index.php?rest_route=\/wp\/v2\/media\/5945"}],"wp:attachment":[{"href":"https:\/\/webdealta.info\/index.php?rest_route=%2Fwp%2Fv2%2Fmedia&parent=5944"}],"wp:term":[{"taxonomy":"category","embeddable":true,"href":"https:\/\/webdealta.info\/index.php?rest_route=%2Fwp%2Fv2%2Fcategories&post=5944"},{"taxonomy":"post_tag","embeddable":true,"href":"https:\/\/webdealta.info\/index.php?rest_route=%2Fwp%2Fv2%2Ftags&post=5944"}],"curies":[{"name":"wp","href":"https:\/\/api.w.org\/{rel}","templated":true}]}}