{"id":5926,"date":"2022-11-20T20:00:41","date_gmt":"2022-11-21T00:00:41","guid":{"rendered":"https:\/\/webdealta.info\/?p=5926"},"modified":"2022-11-20T20:00:41","modified_gmt":"2022-11-21T00:00:41","slug":"tarde-de-bellezas-para-otorgar-bandas-de-prensa-presencia-y-fotogenica","status":"publish","type":"post","link":"https:\/\/webdealta.info\/?p=5926","title":{"rendered":"Tarde de bellezas para otorgar bandas de Prensa, Presencia y Fotog\u00e9nica"},"content":{"rendered":"\n<p>Amanda Saldivia.-<\/p>\n\n\n\n<p>Las bandas de Prensa, Presencia y Fotog\u00e9nica fueron otorgadas en la tarde de este domingo 20 de noviembre, en medio del evento de presentaci\u00f3n oficial de las candidatas a los medios de comunicaci\u00f3n social de Altagracia de Orituco.<\/p>\n\n\n\n<p>Carlos Pimentel, creador y organizador del certamen Se\u00f1orita Altagracia anunci\u00f3 las distinciones, luego de la deliberaci\u00f3n del jurado, integrado por Armalys Yanez, actual se\u00f1orita Altagracia; Manuel Sosa Constant por Activa 104.9 FM; adem\u00e1s de otras reinas y la redactora de esta nota por la Web de Altagracia.<\/p>\n\n\n\n<p>La banda de prensa en categor\u00eda Se\u00f1orita fue impuesta a Yasly Gonz\u00e1lez, representante de Camoruco; mientras que en mini la recibi\u00f3 Mar\u00eda Sol\u00f3rzano de Las Mayitas, ambas por decisi\u00f3n un\u00e1nime del jurado, en virtud de como se desenvolvieron en la ronda de preguntas.<\/p>\n\n\n\n<p>Por su parte, la banda de Presencia fue para Caridad Mattey de Barrialito y en mini Yulienmy Saldivia del sector Centro. La decisi\u00f3n de Se\u00f1orita Fotog\u00e9nica fue para Yasly Gonz\u00e1lez de Camoruco y en mini para Amira Doumat de El Diamante, evaluadas bajo el lente de Manuel Sosa Constant, quien aparte de locutor, es fot\u00f3grafo profesional.<\/p>\n\n\n\n<p>Fue una tarde linda, en la posada Mi Refugio, como pasos previos a la elecci\u00f3n de Se\u00f1orita Altagracia, evento de belleza que agrupa a adolescentes y ni\u00f1as de esta regi\u00f3n guarique\u00f1a.<\/p>\n\n\n\n<p>@amandasaldivia   <\/p>\n\n\n\n<p><\/p>\n","protected":false},"excerpt":{"rendered":"<p>Amanda Saldivia.- Las bandas de Prensa, Presencia y Fotog\u00e9nica fueron otorgadas en la tarde de este domingo 20 de noviembre, en medio del evento de presentaci\u00f3n oficial de las candidatas a los medios de comunicaci\u00f3n social de Altagracia de Orituco. Carlos Pimentel, creador y organizador del certamen Se\u00f1orita Altagracia anunci\u00f3<\/p>\n","protected":false},"author":2,"featured_media":5927,"comment_status":"open","ping_status":"open","sticky":false,"template":"","format":"standard","meta":{"advanced_seo_description":"","jetpack_seo_html_title":"","jetpack_seo_noindex":false,"_jetpack_memberships_contains_paid_content":false,"footnotes":"","jetpack_publicize_message":"","jetpack_publicize_feature_enabled":true,"jetpack_social_post_already_shared":true,"jetpack_social_options":{"image_generator_settings":{"template":"highway","enabled":false},"version":2}},"categories":[320],"tags":[8,7,32],"class_list":["post-5926","post","type-post","status-publish","format-standard","has-post-thumbnail","hentry","category-belleza","tag-altagraciadeorituco","tag-guarico","tag-webdealta",""],"jetpack_publicize_connections":[],"jetpack_featured_media_url":"https:\/\/webdealta.info\/wp-content\/uploads\/2022\/11\/eleccion-webdealta.png","jetpack_sharing_enabled":true,"jetpack_likes_enabled":true,"jetpack-related-posts":[],"jetpack_shortlink":"https:\/\/wp.me\/pcseDn-1xA","_links":{"self":[{"href":"https:\/\/webdealta.info\/index.php?rest_route=\/wp\/v2\/posts\/5926","targetHints":{"allow":["GET"]}}],"collection":[{"href":"https:\/\/webdealta.info\/index.php?rest_route=\/wp\/v2\/posts"}],"about":[{"href":"https:\/\/webdealta.info\/index.php?rest_route=\/wp\/v2\/types\/post"}],"author":[{"embeddable":true,"href":"https:\/\/webdealta.info\/index.php?rest_route=\/wp\/v2\/users\/2"}],"replies":[{"embeddable":true,"href":"https:\/\/webdealta.info\/index.php?rest_route=%2Fwp%2Fv2%2Fcomments&post=5926"}],"version-history":[{"count":1,"href":"https:\/\/webdealta.info\/index.php?rest_route=\/wp\/v2\/posts\/5926\/revisions"}],"predecessor-version":[{"id":5928,"href":"https:\/\/webdealta.info\/index.php?rest_route=\/wp\/v2\/posts\/5926\/revisions\/5928"}],"wp:featuredmedia":[{"embeddable":true,"href":"https:\/\/webdealta.info\/index.php?rest_route=\/wp\/v2\/media\/5927"}],"wp:attachment":[{"href":"https:\/\/webdealta.info\/index.php?rest_route=%2Fwp%2Fv2%2Fmedia&parent=5926"}],"wp:term":[{"taxonomy":"category","embeddable":true,"href":"https:\/\/webdealta.info\/index.php?rest_route=%2Fwp%2Fv2%2Fcategories&post=5926"},{"taxonomy":"post_tag","embeddable":true,"href":"https:\/\/webdealta.info\/index.php?rest_route=%2Fwp%2Fv2%2Ftags&post=5926"}],"curies":[{"name":"wp","href":"https:\/\/api.w.org\/{rel}","templated":true}]}}